{"id":47110,"date":"2025-12-18T14:51:58","date_gmt":"2025-12-18T19:51:58","guid":{"rendered":"https:\/\/portage.ca\/?p=47110"},"modified":"2026-02-10T10:25:38","modified_gmt":"2026-02-10T15:25:38","slug":"la-magie-des-fetes-de-rbc-banque-royale-au-programme-mere-enfant-de-portage","status":"publish","type":"post","link":"https:\/\/portage.ca\/fr\/la-magie-des-fetes-de-rbc-banque-royale-au-programme-mere-enfant-de-portage\/","title":{"rendered":"La magie des F\u00eates de RBC Banque Royale au programme M\u00e8re-enfant de Portage"},"content":{"rendered":"\r\n<p class=\"lead\">\u00c0 l&rsquo;occasion du temps des F\u00eates, l&rsquo;\u00e9quipe d\u00e9vou\u00e9e de <a href=\"https:\/\/www.rbcroyalbank.com\/fr\">RBC Banque Royale<\/a> a fait briller les yeux des enfants du <a href=\"https:\/\/portage.ca\/fr\/quebec\/mere-enfant\/\">programme M\u00e8re-enfant<\/a> de Portage pour une troisi\u00e8me ann\u00e9e cons\u00e9cutive.<\/p>\r\n<p>&nbsp;<\/p>\r\n<p>Pour une troisi\u00e8me ann\u00e9e cons\u00e9cutive, la magie des F\u00eates a op\u00e9r\u00e9 au <a href=\"https:\/\/portage.ca\/fr\/quebec\/mere-enfant\/\">programme M\u00e8re-enfant<\/a> de Portage gr\u00e2ce \u00e0 la g\u00e9n\u00e9rosit\u00e9 des <a href=\"https:\/\/www.rbcroyalbank.com\/fr\/service-a-la-clientele\/index.html?lob=personal\">employ\u00e9s<\/a> de RBC Banque Royale.<\/p>\r\n<p>&nbsp;<\/p>\r\n<p>En amont des c\u00e9l\u00e9brations, les enfants avaient \u00e9crit au P\u00e8re No\u00ebl pour lui confier le cadeau de leurs r\u00eaves. Gr\u00e2ce \u00e0 l&rsquo;engagement et \u00e0 la solidarit\u00e9 de <a href=\"https:\/\/www.rbcwealthmanagement.com\/fr-ca\/solutions\/philanthropic-services\">l&rsquo;\u00e9quipe de RBC<\/a>, chacune de ces lettres a trouv\u00e9 une r\u00e9ponse bien r\u00e9elle. Les enfants \u00e9taient remplis de joie en d\u00e9couvrant leurs cadeaux, tandis que les mamans ont \u00e9t\u00e9 touch\u00e9es par les attentions surprises qui leur \u00e9taient \u00e9galement destin\u00e9es.<\/p>\r\n<p>&nbsp;<\/p>\r\n<p>Deelven Veeparen, Marco Altomare, Jos\u00e9e Dorais, Sajedeh Bahreini et leur \u00e9quipe ont, une fois de plus, d\u00e9montr\u00e9 leur profonde bienveillance et leur engagement envers la communaut\u00e9. Merci d&rsquo;avoir transform\u00e9 ces lettres en moments d&rsquo;\u00e9merveillement et en souvenirs pr\u00e9cieux qui resteront grav\u00e9s longtemps dans les c\u0153urs.<\/p>\r\n<p>&nbsp;<\/p>\r\n<p>Partagez cet article :<\/p>\r\n<p><a href=\"https:\/\/www.facebook.com\/sharer.php?u=https:\/\/portage.ca\/fr\/?p=47110&amp;fl_builder&amp;title=La+magie+des+F%C3%AAtes+de+RBC+Banque+Royale+au+programme+M%C3%A8re-enfant+de+Portage\"> Share on Facebook <\/a> <a href=\"https:\/\/www.linkedin.com\/shareArticle?mini=true&amp;url=https:\/\/portage.ca\/fr\/?p=47110&amp;fl_builder&amp;title=La+magie+des+F%C3%AAtes+de+RBC+Banque+Royale+au+programme+M%C3%A8re-enfant+de+Portage\"> Share on Linkedin <\/a><\/p>\r\n","protected":false},"excerpt":{"rendered":"<p>\u00c0 l&rsquo;occasion du temps des F\u00eates, l&rsquo;\u00e9quipe d\u00e9vou\u00e9e de RBC Banque Royale a fait briller les yeux des enfants du programme M\u00e8re-enfant de Portage pour une troisi\u00e8me ann\u00e9e cons\u00e9cutive. &nbsp; Pour une troisi\u00e8me ann\u00e9e cons\u00e9cutive, la magie des F\u00eates a op\u00e9r\u00e9 au programme M\u00e8re-enfant de Portage gr\u00e2ce \u00e0 la g\u00e9n\u00e9rosit\u00e9 des employ\u00e9s de RBC Banque&#8230;  <a href=\"https:\/\/portage.ca\/fr\/la-magie-des-fetes-de-rbc-banque-royale-au-programme-mere-enfant-de-portage\/\" class=\"more-link\" title=\"Read La magie des F\u00eates de RBC Banque Royale au programme M\u00e8re-enfant de Portage\">Read more &raquo;<\/a><\/p>\n","protected":false},"author":24,"featured_media":47114,"comment_status":"open","ping_status":"open","sticky":false,"template":"","format":"standard","meta":{"_acf_changed":false,"footnotes":"","_links_to":"","_links_to_target":""},"categories":[3,7,13],"tags":[350,354,380],"class_list":["post-47110","post","type-post","status-publish","format-standard","has-post-thumbnail","hentry","category-nouvelles","category-nouvelles-quebec","category-nouvelles-fondation-quebec","tag-donation","tag-fondation","tag-mere-enfant2"],"acf":[],"_links":{"self":[{"href":"https:\/\/portage.ca\/fr\/wp-json\/wp\/v2\/posts\/47110","targetHints":{"allow":["GET"]}}],"collection":[{"href":"https:\/\/portage.ca\/fr\/wp-json\/wp\/v2\/posts"}],"about":[{"href":"https:\/\/portage.ca\/fr\/wp-json\/wp\/v2\/types\/post"}],"author":[{"embeddable":true,"href":"https:\/\/portage.ca\/fr\/wp-json\/wp\/v2\/users\/24"}],"replies":[{"embeddable":true,"href":"https:\/\/portage.ca\/fr\/wp-json\/wp\/v2\/comments?post=47110"}],"version-history":[{"count":5,"href":"https:\/\/portage.ca\/fr\/wp-json\/wp\/v2\/posts\/47110\/revisions"}],"predecessor-version":[{"id":47630,"href":"https:\/\/portage.ca\/fr\/wp-json\/wp\/v2\/posts\/47110\/revisions\/47630"}],"wp:featuredmedia":[{"embeddable":true,"href":"https:\/\/portage.ca\/fr\/wp-json\/wp\/v2\/media\/47114"}],"wp:attachment":[{"href":"https:\/\/portage.ca\/fr\/wp-json\/wp\/v2\/media?parent=47110"}],"wp:term":[{"taxonomy":"category","embeddable":true,"href":"https:\/\/portage.ca\/fr\/wp-json\/wp\/v2\/categories?post=47110"},{"taxonomy":"post_tag","embeddable":true,"href":"https:\/\/portage.ca\/fr\/wp-json\/wp\/v2\/tags?post=47110"}],"curies":[{"name":"wp","href":"https:\/\/api.w.org\/{rel}","templated":true}]}}