{"id":46892,"date":"2025-12-08T12:03:16","date_gmt":"2025-12-08T17:03:16","guid":{"rendered":"https:\/\/portage.ca\/?p=46892"},"modified":"2026-03-24T09:12:19","modified_gmt":"2026-03-24T14:12:19","slug":"evenement-artistique-caritatif-a-la-maison-louis-joseph-forget","status":"publish","type":"post","link":"https:\/\/portage.ca\/fr\/evenement-artistique-caritatif-a-la-maison-louis-joseph-forget\/","title":{"rendered":"\u00c9v\u00e9nement artistique caritatif \u00e0 la maison Louis-Joseph Forget"},"content":{"rendered":"\n\n\t<p class=\"lead\">Lors d&rsquo;un \u00e9v\u00e9nement artistique caritatif organis\u00e9 par l&rsquo;artiste-peintre Sylvie Dagenais, un montant exceptionnel de 50\u00a0000 $ a \u00e9t\u00e9 remis \u00e0 la <a href=\"https:\/\/portage.ca\/fr\/quebec\/fondation-quebec\/\" target=\"_blank\" rel=\"noopener\">Fondation Portage<\/a> pour d\u00e9marrer un nouveau programme d&rsquo;art pour les personnes aux prises avec des probl\u00e8mes de d\u00e9pendance \u00e0 travers les centres de Portage au Qu\u00e9bec. Cet \u00e9v\u00e9nement s&rsquo;est tenu les 29 et 30 novembre dernier dans la maison Louis-Joseph Forget, joyau du patrimoine montr\u00e9alais, mis en valeur par la <a href=\"https:\/\/www.msfoundation.org\/la-maison-louis-joseph-forget-8203.html\" target=\"_blank\" rel=\"noopener\">Fondation Macdonald Stewart<\/a>.<\/p>\n<p>Au cours de ces deux journ\u00e9es, les participants ont eu la chance de visiter les somptueuses pi\u00e8ces de la maison orn\u00e9es de boiseries sculpt\u00e9es main tout en admirant l&rsquo;exposition des \u0153uvres d&rsquo;art d&rsquo;artistes d\u00e9sireux de prendre part \u00e0 cette exp\u00e9rience culturelle. Des pianistes \u00e9tudiants, issus du programme musique de l&rsquo;Universit\u00e9 McGill, ont cr\u00e9\u00e9 une ambiance musicale de circonstance, conf\u00e9rant une dimension chaleureuse \u00e0 cette rencontre art, patrimoine et philanthropie.<\/p>\n<p>Nous exprimons nos sinc\u00e8res remerciements \u00e0 Sylvie Dagenais pour sa g\u00e9n\u00e9rosit\u00e9 exceptionnelle. Elle a su mobiliser une communaut\u00e9 autour de la cause de Portage et nous lui en sommes des plus reconnaissants. Nous remercions \u00e9galement <a href=\"https:\/\/www.td.com\/ca\/fr\/investir\/gestion-de-patrimoine\" target=\"_blank\" rel=\"noopener\">TD Gestion de patrimoine<\/a> Angelo-Knowles pour leur engagement financier important ainsi que la grande g\u00e9n\u00e9rosit\u00e9 des artistes <a href=\"https:\/\/monpoitras.ca\/\" target=\"_blank\" rel=\"noopener\">Jean-Claude Poitras<\/a>, <a href=\"https:\/\/prestongallery.com\/fr\/collections\/danny-perkins?srsltid=AfmBOopobXssicsaA_hIvNycccheihPO_RtwLFFCzF0k9kttiaeF092u\" target=\"_blank\" rel=\"noopener\">Danny Perkins<\/a> et <a href=\"https:\/\/www.linkedin.com\/in\/biaphotography\/?originalSubdomain=ca\" target=\"_blank\" rel=\"noopener\">Sabrina Leeder<\/a>. Merci aussi \u00e0 tous les b\u00e9n\u00e9voles d\u00e9vou\u00e9s qui ont accompagn\u00e9 les visiteurs et contribu\u00e9 au succ\u00e8s logistique de l&rsquo;\u00e9v\u00e9nement. Nous remercions enfin M. Thomas G. Leslie, directeur g\u00e9n\u00e9ral de la Fondation Macdonald Stewart, pour avoir ouvert les portes de la maison aux invit\u00e9s dans le cadre de cette activit\u00e9-b\u00e9n\u00e9fice.<\/p>\n<p>Ensemble nous permettons \u00e0 l&rsquo;art d&rsquo;\u00eatre un puissant levier de transformation et d&rsquo;espoir. Appuyer Portage, c&rsquo;est devenir les \u00ab\u00a0<em>artisans de notre cause\u00a0\u00bb. Merci !<\/em><\/p>\n<p>Cr\u00e9dit photos : Paul Laflamme<\/p>\n<figure itemscope itemtype=\"https:\/\/schema.org\/ImageObject\">\n\t\t\t\t<img decoding=\"async\" src=\"https:\/\/portage.ca\/wp-content\/uploads\/2025\/12\/1000002663-scaled.png\" alt=\"1000002663\" height=\"1920\" width=\"2560\" title=\"1000002663\" onerror=\"this.style.display='none'\" loading=\"lazy\" \/>\n\t<\/figure>\n<figure itemscope itemtype=\"https:\/\/schema.org\/ImageObject\">\n\t\t\t\t<img decoding=\"async\" src=\"https:\/\/portage.ca\/wp-content\/uploads\/2025\/12\/Z63_2210-scaled.jpg\" alt=\"Z63_2210\" height=\"1707\" width=\"2560\" title=\"Z63_2210\" onerror=\"this.style.display='none'\" loading=\"lazy\" \/>\n\t<\/figure>\n<h3>\n\t\t\tCONTENU SIMILAIRE\t<\/h3>\n\t<p>Partagez cet article:<\/p>\n\t\t\t\t\t\t\t\t<a href=\"https:\/\/www.facebook.com\/sharer.php?u=https:\/\/portage.ca\/fr\/?p=46892&#038;fl_builder&#038;title=%C3%89v%C3%A9nement+artistique+caritatif+%C3%A0+la+maison+Louis-Joseph+Forget\">\n\t\t\t\t\t\t\t\t\t\t\t\tShare on Facebook\n\t\t\t\t\t\t\t\t\t<\/a>\n\t\t\t\t\t\t\t\t<a href=\"https:\/\/www.linkedin.com\/shareArticle?mini=true&#038;url=https:\/\/portage.ca\/fr\/?p=46892&#038;fl_builder&#038;title=%C3%89v%C3%A9nement+artistique+caritatif+%C3%A0+la+maison+Louis-Joseph+Forget\">\n\t\t\t\t\t\t\t\t\t\t\t\tShare on Linkedin\n\t\t\t\t\t\t\t\t\t<\/a>\n\n","protected":false},"excerpt":{"rendered":"<p>Lors d&rsquo;un \u00e9v\u00e9nement artistique caritatif organis\u00e9 par l&rsquo;artiste-peintre Sylvie Dagenais, un montant exceptionnel de 50\u00a0000 $ a \u00e9t\u00e9 remis \u00e0 la Fondation Portage pour d\u00e9marrer un nouveau programme d&rsquo;art pour les personnes aux prises avec des probl\u00e8mes de d\u00e9pendance \u00e0 travers les centres de Portage au Qu\u00e9bec. Cet \u00e9v\u00e9nement s&rsquo;est tenu les 29 et 30&#8230;  <a href=\"https:\/\/portage.ca\/fr\/evenement-artistique-caritatif-a-la-maison-louis-joseph-forget\/\" class=\"more-link\" title=\"Read \u00c9v\u00e9nement artistique caritatif \u00e0 la maison Louis-Joseph Forget\">Read more &raquo;<\/a><\/p>\n","protected":false},"author":19,"featured_media":46893,"comment_status":"open","ping_status":"open","sticky":false,"template":"","format":"standard","meta":{"_acf_changed":false,"footnotes":"","_links_to":"","_links_to_target":""},"categories":[3,7,13],"tags":[350,354],"class_list":["post-46892","post","type-post","status-publish","format-standard","has-post-thumbnail","hentry","category-nouvelles","category-nouvelles-quebec","category-nouvelles-fondation-quebec","tag-donation","tag-fondation"],"acf":[],"_links":{"self":[{"href":"https:\/\/portage.ca\/fr\/wp-json\/wp\/v2\/posts\/46892","targetHints":{"allow":["GET"]}}],"collection":[{"href":"https:\/\/portage.ca\/fr\/wp-json\/wp\/v2\/posts"}],"about":[{"href":"https:\/\/portage.ca\/fr\/wp-json\/wp\/v2\/types\/post"}],"author":[{"embeddable":true,"href":"https:\/\/portage.ca\/fr\/wp-json\/wp\/v2\/users\/19"}],"replies":[{"embeddable":true,"href":"https:\/\/portage.ca\/fr\/wp-json\/wp\/v2\/comments?post=46892"}],"version-history":[{"count":4,"href":"https:\/\/portage.ca\/fr\/wp-json\/wp\/v2\/posts\/46892\/revisions"}],"predecessor-version":[{"id":48025,"href":"https:\/\/portage.ca\/fr\/wp-json\/wp\/v2\/posts\/46892\/revisions\/48025"}],"wp:featuredmedia":[{"embeddable":true,"href":"https:\/\/portage.ca\/fr\/wp-json\/wp\/v2\/media\/46893"}],"wp:attachment":[{"href":"https:\/\/portage.ca\/fr\/wp-json\/wp\/v2\/media?parent=46892"}],"wp:term":[{"taxonomy":"category","embeddable":true,"href":"https:\/\/portage.ca\/fr\/wp-json\/wp\/v2\/categories?post=46892"},{"taxonomy":"post_tag","embeddable":true,"href":"https:\/\/portage.ca\/fr\/wp-json\/wp\/v2\/tags?post=46892"}],"curies":[{"name":"wp","href":"https:\/\/api.w.org\/{rel}","templated":true}]}}