{"id":46832,"date":"2025-12-03T14:15:26","date_gmt":"2025-12-03T19:15:26","guid":{"rendered":"https:\/\/portage.ca\/?p=46832"},"modified":"2025-12-03T14:25:24","modified_gmt":"2025-12-03T19:25:24","slug":"nouvelle-visite-de-linstitut-de-recherches-cliniques-de-montreal","status":"publish","type":"post","link":"https:\/\/portage.ca\/fr\/nouvelle-visite-de-linstitut-de-recherches-cliniques-de-montreal\/","title":{"rendered":"Nouvelle visite de l&rsquo;Institut de recherches cliniques de Montr\u00e9al"},"content":{"rendered":"\n\n\t<p class=\"lead\"><a href=\"https:\/\/portage.ca\/fr\/monde-microscopique-et-karate-une-journee-pleine-de-decouvertes\/\" target=\"_blank\" rel=\"noopener\">Suite au r\u00e9el succ\u00e8s connu l&rsquo;an dernier<\/a> et \u00e0 l&rsquo;int\u00e9r\u00eat suscit\u00e9 aupr\u00e8s des jeunes, <a id=\"ember342\" tabindex=\"0\" href=\"https:\/\/www.linkedin.com\/in\/eric-lecuyer-0624b0235\/\" target=\"_blank\" rel=\"noopener\">Eric Lecuyer<\/a>, directeur, unit\u00e9 de recherche en biologie des ARN de l&rsquo;<a tabindex=\"0\" href=\"https:\/\/www.linkedin.com\/company\/ircm\/\" target=\"_blank\" rel=\"noopener\" data-test-app-aware-link=\"\">Institut de recherches cliniques de Montr\u00e9al (IRCM)<\/a> et gouverneur de <a tabindex=\"0\" href=\"https:\/\/www.linkedin.com\/company\/portagecanada\/\" target=\"_self\" data-test-app-aware-link=\"\">Portage<\/a>, a tenu \u00e0 organiser une nouvelle visite de l&rsquo;IRCM le jeudi 27 novembre dernier.<\/p>\n<p>Cette journ\u00e9e a offert aux jeunes l&rsquo;opportunit\u00e9 de d\u00e9couvrir le laboratoire et les plateformes technologiques de l&rsquo;Institut. Curieux d&rsquo;en apprendre davantage sur les recherches effectu\u00e9es, les jeunes ont pos\u00e9 de nombreuses questions pertinentes et sont repartis ravis de leurs d\u00e9couvertes dans un domaine qui leur \u00e9tait jusqu&rsquo;alors m\u00e9connu.<\/p>\n<p>Nous remercions tr\u00e8s sinc\u00e8rement monsieur L\u00e9cuyer et son \u00e9quipe pour avoir consacr\u00e9 du temps \u00e0 faire d\u00e9couvrir \u00e0 notre jeune client\u00e8le vuln\u00e9rable le monde fascinant des microorganismes, suscitant peut-\u00eatre chez certains le d\u00e9sir d&rsquo;une carri\u00e8re scientifique.<\/p>\n<p>\u00c9merveill\u00e9 par la curiosit\u00e9 de ces jeunes visiteurs, ce qui augure bien pour la science, le Dr. L\u00e9cuyer a m\u00eame mentionn\u00e9 ceci\u00a0: \u00ab\u00a0En ouvrant les portes de l&rsquo;IRCM \u00e0 ces jeunes gens, nous esp\u00e9rons modestement contribuer \u00e0 nourrir la flamme de la recherche.\u00a0\u00bb<\/p>\n\t<p>Share the article:<\/p>\n\t\t\t\t\t\t\t\t<a href=\"https:\/\/www.facebook.com\/sharer.php?u=https:\/\/portage.ca\/fr\/?p=46832&#038;fl_builder&#038;title=Nouvelle+visite+de+l%26rsquo%3BInstitut+de+recherches+cliniques+de+Montr%C3%A9al\">\n\t\t\t\t\t\t\t\t\t\t\t\tShare on Facebook\n\t\t\t\t\t\t\t\t\t<\/a>\n\t\t\t\t\t\t\t\t<a href=\"https:\/\/www.linkedin.com\/shareArticle?mini=true&#038;url=https:\/\/portage.ca\/fr\/?p=46832&#038;fl_builder&#038;title=Nouvelle+visite+de+l%26rsquo%3BInstitut+de+recherches+cliniques+de+Montr%C3%A9al\">\n\t\t\t\t\t\t\t\t\t\t\t\tShare on Linkedin\n\t\t\t\t\t\t\t\t\t<\/a>\n\n","protected":false},"excerpt":{"rendered":"<p>Suite au r\u00e9el succ\u00e8s connu l&rsquo;an dernier et \u00e0 l&rsquo;int\u00e9r\u00eat suscit\u00e9 aupr\u00e8s des jeunes, Eric Lecuyer, directeur, unit\u00e9 de recherche en biologie des ARN de l&rsquo;Institut de recherches cliniques de Montr\u00e9al (IRCM) et gouverneur de Portage, a tenu \u00e0 organiser une nouvelle visite de l&rsquo;IRCM le jeudi 27 novembre dernier. Cette journ\u00e9e a offert aux&#8230;  <a href=\"https:\/\/portage.ca\/fr\/nouvelle-visite-de-linstitut-de-recherches-cliniques-de-montreal\/\" class=\"more-link\" title=\"Read Nouvelle visite de l&rsquo;Institut de recherches cliniques de Montr\u00e9al\">Read more &raquo;<\/a><\/p>\n","protected":false},"author":19,"featured_media":46834,"comment_status":"open","ping_status":"open","sticky":false,"template":"","format":"standard","meta":{"_acf_changed":false,"footnotes":"","_links_to":"","_links_to_target":""},"categories":[3,7],"tags":[181,354],"class_list":["post-46832","post","type-post","status-publish","format-standard","has-post-thumbnail","hentry","category-nouvelles","category-nouvelles-quebec","tag-adolescents-fr","tag-fondation"],"acf":[],"_links":{"self":[{"href":"https:\/\/portage.ca\/fr\/wp-json\/wp\/v2\/posts\/46832","targetHints":{"allow":["GET"]}}],"collection":[{"href":"https:\/\/portage.ca\/fr\/wp-json\/wp\/v2\/posts"}],"about":[{"href":"https:\/\/portage.ca\/fr\/wp-json\/wp\/v2\/types\/post"}],"author":[{"embeddable":true,"href":"https:\/\/portage.ca\/fr\/wp-json\/wp\/v2\/users\/19"}],"replies":[{"embeddable":true,"href":"https:\/\/portage.ca\/fr\/wp-json\/wp\/v2\/comments?post=46832"}],"version-history":[{"count":6,"href":"https:\/\/portage.ca\/fr\/wp-json\/wp\/v2\/posts\/46832\/revisions"}],"predecessor-version":[{"id":46854,"href":"https:\/\/portage.ca\/fr\/wp-json\/wp\/v2\/posts\/46832\/revisions\/46854"}],"wp:featuredmedia":[{"embeddable":true,"href":"https:\/\/portage.ca\/fr\/wp-json\/wp\/v2\/media\/46834"}],"wp:attachment":[{"href":"https:\/\/portage.ca\/fr\/wp-json\/wp\/v2\/media?parent=46832"}],"wp:term":[{"taxonomy":"category","embeddable":true,"href":"https:\/\/portage.ca\/fr\/wp-json\/wp\/v2\/categories?post=46832"},{"taxonomy":"post_tag","embeddable":true,"href":"https:\/\/portage.ca\/fr\/wp-json\/wp\/v2\/tags?post=46832"}],"curies":[{"name":"wp","href":"https:\/\/api.w.org\/{rel}","templated":true}]}}