{"id":46631,"date":"2025-11-26T13:56:52","date_gmt":"2025-11-26T18:56:52","guid":{"rendered":"https:\/\/portage.ca\/?p=46631"},"modified":"2026-02-10T10:37:26","modified_gmt":"2026-02-10T15:37:26","slug":"genereuse-donation-de-la-fondation-de-la-famille-birks-au-centre-mere-enfant","status":"publish","type":"post","link":"https:\/\/portage.ca\/fr\/genereuse-donation-de-la-fondation-de-la-famille-birks-au-centre-mere-enfant\/","title":{"rendered":"G\u00e9n\u00e9reuse donation de la Fondation de la famille Birks au centre M\u00e8re-Enfant"},"content":{"rendered":"\r\n<p class=\"lead\">Portage a eu le plaisir de recevoir la g\u00e9n\u00e9reuse contribution de la Fondation de la famille Birks, qui a permis l&rsquo;achat de 8 chaises ber\u00e7antes pour nos r\u00e9sidentes du programme M\u00e8re-Enfant.<\/p>\r\n<p>Ces chaises ne sont pas de simples meubles : elles repr\u00e9sentent un espace de r\u00e9confort et de s\u00e9curit\u00e9, favorisant des moments essentiels de proximit\u00e9 entre m\u00e8re et enfant. Dans le cadre de notre programme, ces instants contribuent \u00e0 renforcer le lien affectif, \u00e0 apaiser les \u00e9motions et \u00e0 soutenir le processus de r\u00e9tablissement.<\/p>\r\n<p>Gr\u00e2ce \u00e0 ce geste, la Fondation de la famille Birks d\u00e9montre son engagement envers le bien-\u00eatre des familles et son soutien \u00e0 des initiatives qui changent des vies. Nous sommes profond\u00e9ment reconnaissants pour cette contribution qui am\u00e9liore concr\u00e8tement la qualit\u00e9 de vie au sein de notre programme.<\/p>\r\n<p>Un grand merci \u00e0 la Fondation de la famille Birks pour leur g\u00e9n\u00e9rosit\u00e9 et leur soutien continu envers notre mission.<\/p>\r\n<p>Share the article:<\/p>\r\n<p><a href=\"https:\/\/www.facebook.com\/sharer.php?u=https:\/\/portage.ca\/fr\/?p=46631&amp;fl_builder&amp;title=G%C3%A9n%C3%A9reuse+donation+de+la+Fondation+de+la+famille+Birks+au+centre+M%C3%A8re-Enfant\"> Share on Facebook <\/a> <a href=\"https:\/\/www.linkedin.com\/shareArticle?mini=true&amp;url=https:\/\/portage.ca\/fr\/?p=46631&amp;fl_builder&amp;title=G%C3%A9n%C3%A9reuse+donation+de+la+Fondation+de+la+famille+Birks+au+centre+M%C3%A8re-Enfant\"> Share on Linkedin <\/a><\/p>\r\n","protected":false},"excerpt":{"rendered":"<p>Portage a eu le plaisir de recevoir la g\u00e9n\u00e9reuse contribution de la Fondation de la famille Birks, qui a permis l&rsquo;achat de 8 chaises ber\u00e7antes pour nos r\u00e9sidentes du programme M\u00e8re-Enfant. Ces chaises ne sont pas de simples meubles : elles repr\u00e9sentent un espace de r\u00e9confort et de s\u00e9curit\u00e9, favorisant des moments essentiels de proximit\u00e9&#8230;  <a href=\"https:\/\/portage.ca\/fr\/genereuse-donation-de-la-fondation-de-la-famille-birks-au-centre-mere-enfant\/\" class=\"more-link\" title=\"Read G\u00e9n\u00e9reuse donation de la Fondation de la famille Birks au centre M\u00e8re-Enfant\">Read more &raquo;<\/a><\/p>\n","protected":false},"author":19,"featured_media":46632,"comment_status":"open","ping_status":"open","sticky":false,"template":"","format":"standard","meta":{"_acf_changed":false,"footnotes":"","_links_to":"","_links_to_target":""},"categories":[3,7,13],"tags":[350,354,380],"class_list":["post-46631","post","type-post","status-publish","format-standard","has-post-thumbnail","hentry","category-nouvelles","category-nouvelles-quebec","category-nouvelles-fondation-quebec","tag-donation","tag-fondation","tag-mere-enfant2"],"acf":[],"_links":{"self":[{"href":"https:\/\/portage.ca\/fr\/wp-json\/wp\/v2\/posts\/46631","targetHints":{"allow":["GET"]}}],"collection":[{"href":"https:\/\/portage.ca\/fr\/wp-json\/wp\/v2\/posts"}],"about":[{"href":"https:\/\/portage.ca\/fr\/wp-json\/wp\/v2\/types\/post"}],"author":[{"embeddable":true,"href":"https:\/\/portage.ca\/fr\/wp-json\/wp\/v2\/users\/19"}],"replies":[{"embeddable":true,"href":"https:\/\/portage.ca\/fr\/wp-json\/wp\/v2\/comments?post=46631"}],"version-history":[{"count":8,"href":"https:\/\/portage.ca\/fr\/wp-json\/wp\/v2\/posts\/46631\/revisions"}],"predecessor-version":[{"id":47637,"href":"https:\/\/portage.ca\/fr\/wp-json\/wp\/v2\/posts\/46631\/revisions\/47637"}],"wp:featuredmedia":[{"embeddable":true,"href":"https:\/\/portage.ca\/fr\/wp-json\/wp\/v2\/media\/46632"}],"wp:attachment":[{"href":"https:\/\/portage.ca\/fr\/wp-json\/wp\/v2\/media?parent=46631"}],"wp:term":[{"taxonomy":"category","embeddable":true,"href":"https:\/\/portage.ca\/fr\/wp-json\/wp\/v2\/categories?post=46631"},{"taxonomy":"post_tag","embeddable":true,"href":"https:\/\/portage.ca\/fr\/wp-json\/wp\/v2\/tags?post=46631"}],"curies":[{"name":"wp","href":"https:\/\/api.w.org\/{rel}","templated":true}]}}