{"id":46576,"date":"2025-11-14T12:47:10","date_gmt":"2025-11-14T17:47:10","guid":{"rendered":"https:\/\/portage.ca\/?p=46576"},"modified":"2025-11-14T12:55:05","modified_gmt":"2025-11-14T17:55:05","slug":"tournoi-de-golf-de-laimta-au-profit-de-portage","status":"publish","type":"post","link":"https:\/\/portage.ca\/fr\/tournoi-de-golf-de-laimta-au-profit-de-portage\/","title":{"rendered":"Tournoi de Golf de l&rsquo;AIMTA au profit de Portage"},"content":{"rendered":"\n\n\t<p class=\"lead\">Le 13 septembre dernier, Portage a \u00e9t\u00e9 le b\u00e9n\u00e9ficiaire des profits d&rsquo;un \u00e9v\u00e9nement qui a eu lieu au <a href=\"https:\/\/www.golflediamant.com\/index.php?lang=fr\" target=\"_blank\" rel=\"noopener\">Club de Golf Le Diamant<\/a>. Ce tournoi a \u00e9t\u00e9 organis\u00e9 par l&rsquo;<a href=\"https:\/\/aimta712.org\/\" target=\"_blank\" rel=\"noopener\">Association Internationale des Machinistes et des Travailleurs et Travailleuses de l&rsquo;A\u00e9rospatiale (AIMTA)<\/a>.<\/p>\n<p>Gr\u00e2ce \u00e0 la g\u00e9n\u00e9rosit\u00e9 de tous les participants et les commanditaires, une somme de 20\u00a0875 $ a \u00e9t\u00e9 amass\u00e9e. Ce don permettra d&rsquo;installer un syst\u00e8me d&rsquo;arrosage pour la surface du dek hockey <a href=\"https:\/\/portage.ca\/fr\/quebec\/programme-adolescents-francais-ouest\/\" target=\"_blank\" rel=\"noopener\">au centre r\u00e9sidentiel de Portage au Lac \u00c9cho<\/a>. Cet ajout assurera un usage optimal des installations tout au long de l&rsquo;ann\u00e9e et pour de nombreuses ann\u00e9es \u00e0 venir.<\/p>\n<p>Ce geste va au-del\u00e0 du don mat\u00e9riel. En effet, le sport est un puissant levier de r\u00e9tablissement en aidant \u00e0 r\u00e9duire le stress, en am\u00e9liorant l&rsquo;estime de soi et en favorisant le lien social pour nos usagers aux prises avec des probl\u00e8mes de d\u00e9pendance. Le dek hockey repr\u00e9sente donc un excellent moteur de motivation pour les personnes en qu\u00eate d&rsquo;un nouveau d\u00e9part.<\/p>\n<p>Deux employ\u00e9s de Portage et un jeune r\u00e9sident ont eu la chance de participer \u00e0 l&rsquo;\u00e9v\u00e9nement tout au long de la journ\u00e9e en \u00e9tant pr\u00e9sents \u00e0 un kiosque sur le terrain, une occasion pr\u00e9cieuse de sensibiliser de nouveaux partenaires \u00e0 notre mission.<\/p>\n<p>Un immense merci \u00e0 l&rsquo;AIMTA pour avoir choisi Portage comme tributaire de leur \u00e9v\u00e9nement caritatif.<\/p>\n\t<p>Share the article:<\/p>\n\t\t\t\t\t\t\t\t<a href=\"https:\/\/www.facebook.com\/sharer.php?u=https:\/\/portage.ca\/fr\/?p=46576&#038;fl_builder&#038;title=Tournoi+de+Golf+de+l%26rsquo%3BAIMTA+au+profit+de+Portage\">\n\t\t\t\t\t\t\t\t\t\t\t\tShare on Facebook\n\t\t\t\t\t\t\t\t\t<\/a>\n\t\t\t\t\t\t\t\t<a href=\"https:\/\/www.linkedin.com\/shareArticle?mini=true&#038;url=https:\/\/portage.ca\/fr\/?p=46576&#038;fl_builder&#038;title=Tournoi+de+Golf+de+l%26rsquo%3BAIMTA+au+profit+de+Portage\">\n\t\t\t\t\t\t\t\t\t\t\t\tShare on Linkedin\n\t\t\t\t\t\t\t\t\t<\/a>\n\n","protected":false},"excerpt":{"rendered":"<p>Le 13 septembre dernier, Portage a \u00e9t\u00e9 le b\u00e9n\u00e9ficiaire des profits d&rsquo;un \u00e9v\u00e9nement qui a eu lieu au Club de Golf Le Diamant. Ce tournoi a \u00e9t\u00e9 organis\u00e9 par l&rsquo;Association Internationale des Machinistes et des Travailleurs et Travailleuses de l&rsquo;A\u00e9rospatiale (AIMTA). Gr\u00e2ce \u00e0 la g\u00e9n\u00e9rosit\u00e9 de tous les participants et les commanditaires, une somme de&#8230;  <a href=\"https:\/\/portage.ca\/fr\/tournoi-de-golf-de-laimta-au-profit-de-portage\/\" class=\"more-link\" title=\"Read Tournoi de Golf de l&rsquo;AIMTA au profit de Portage\">Read more &raquo;<\/a><\/p>\n","protected":false},"author":19,"featured_media":46577,"comment_status":"open","ping_status":"open","sticky":false,"template":"","format":"standard","meta":{"_acf_changed":false,"footnotes":"","_links_to":"","_links_to_target":""},"categories":[3,13],"tags":[181,350,354],"class_list":["post-46576","post","type-post","status-publish","format-standard","has-post-thumbnail","hentry","category-nouvelles","category-nouvelles-fondation-quebec","tag-adolescents-fr","tag-donation","tag-fondation"],"acf":[],"_links":{"self":[{"href":"https:\/\/portage.ca\/fr\/wp-json\/wp\/v2\/posts\/46576","targetHints":{"allow":["GET"]}}],"collection":[{"href":"https:\/\/portage.ca\/fr\/wp-json\/wp\/v2\/posts"}],"about":[{"href":"https:\/\/portage.ca\/fr\/wp-json\/wp\/v2\/types\/post"}],"author":[{"embeddable":true,"href":"https:\/\/portage.ca\/fr\/wp-json\/wp\/v2\/users\/19"}],"replies":[{"embeddable":true,"href":"https:\/\/portage.ca\/fr\/wp-json\/wp\/v2\/comments?post=46576"}],"version-history":[{"count":5,"href":"https:\/\/portage.ca\/fr\/wp-json\/wp\/v2\/posts\/46576\/revisions"}],"predecessor-version":[{"id":46584,"href":"https:\/\/portage.ca\/fr\/wp-json\/wp\/v2\/posts\/46576\/revisions\/46584"}],"wp:featuredmedia":[{"embeddable":true,"href":"https:\/\/portage.ca\/fr\/wp-json\/wp\/v2\/media\/46577"}],"wp:attachment":[{"href":"https:\/\/portage.ca\/fr\/wp-json\/wp\/v2\/media?parent=46576"}],"wp:term":[{"taxonomy":"category","embeddable":true,"href":"https:\/\/portage.ca\/fr\/wp-json\/wp\/v2\/categories?post=46576"},{"taxonomy":"post_tag","embeddable":true,"href":"https:\/\/portage.ca\/fr\/wp-json\/wp\/v2\/tags?post=46576"}],"curies":[{"name":"wp","href":"https:\/\/api.w.org\/{rel}","templated":true}]}}