{"id":46563,"date":"2025-11-14T12:22:04","date_gmt":"2025-11-14T17:22:04","guid":{"rendered":"https:\/\/portage.ca\/?p=46563"},"modified":"2026-02-10T10:39:07","modified_gmt":"2026-02-10T15:39:07","slug":"consultation-m365-en-visite-au-lac-echo-un-echange-stimulant","status":"publish","type":"post","link":"https:\/\/portage.ca\/fr\/consultation-m365-en-visite-au-lac-echo-un-echange-stimulant\/","title":{"rendered":"Consultation M365 en visite au Lac \u00c9cho : un \u00e9change stimulant"},"content":{"rendered":"\r\n<p class=\"lead\">Le lundi 3 novembre dernier, <a href=\"https:\/\/portage.ca\/fr\/quebec\/programme-adolescents-francais-ouest\/\" target=\"_blank\" rel=\"noopener\">les jeunes r\u00e9sidents du Lac \u00c9cho<\/a> ont eu le privil\u00e8ge d&rsquo;accueillir deux repr\u00e9sentants de la firme de services conseils en cybers\u00e9curit\u00e9, <a href=\"https:\/\/cm365.ca\/\" target=\"_blank\" rel=\"noopener\">Consultation M365<\/a>.<\/p>\r\n<p>Au programme : un \u00e9change inspirant d\u00e9butant par la pr\u00e9sentation de leurs parcours professionnels suivie d&rsquo;une p\u00e9riode de questions particuli\u00e8rement dynamique. Les discussions ont port\u00e9 sur trois th\u00e8mes qui passionnent les jeunes : les opportunit\u00e9s de carri\u00e8re dans le domaine de l&rsquo;informatique, le cheminement vers l&rsquo;entrepreneuriat et la saine gestion des finances personnelles.<\/p>\r\n<p>L&rsquo;int\u00e9r\u00eat et la curiosit\u00e9 des participants ont donn\u00e9 lieu \u00e0 un dialogue stimulant et riche en apprentissages.<\/p>\r\n<p>Nous tenons \u00e0 remercier chaleureusement Charles Lefebvre et Jean Lussier pour leur g\u00e9n\u00e9rosit\u00e9, leur temps et leur d\u00e9sir sinc\u00e8re de transmettre leur savoir. Ces moments de partage sont essentiels \u00e0 la motivation et \u00e0 l&rsquo;\u00e9panouissement de nos jeunes. C&rsquo;est gr\u00e2ce \u00e0 ce genre d&rsquo;initiatives que naissent des vocations et qu&rsquo;un v\u00e9ritable pont se cr\u00e9e entre le monde des affaires et la rel\u00e8ve de demain. Une exp\u00e9rience \u00e0 renouveler!<\/p>\r\n<p>Share the article:<\/p>\r\n<p><a href=\"https:\/\/www.facebook.com\/sharer.php?u=https:\/\/portage.ca\/fr\/?p=46563&amp;fl_builder&amp;title=Consultation+M365+en+visite+au+Lac+%C3%89cho+%3A+un+dialogue+stimulant\"> Share on Facebook <\/a> <a href=\"https:\/\/www.linkedin.com\/shareArticle?mini=true&amp;url=https:\/\/portage.ca\/fr\/?p=46563&amp;fl_builder&amp;title=Consultation+M365+en+visite+au+Lac+%C3%89cho+%3A+un+dialogue+stimulant\"> Share on Linkedin <\/a><\/p>\r\n","protected":false},"excerpt":{"rendered":"<p>Le lundi 3 novembre dernier, les jeunes r\u00e9sidents du Lac \u00c9cho ont eu le privil\u00e8ge d&rsquo;accueillir deux repr\u00e9sentants de la firme de services conseils en cybers\u00e9curit\u00e9, Consultation M365. Au programme : un \u00e9change inspirant d\u00e9butant par la pr\u00e9sentation de leurs parcours professionnels suivie d&rsquo;une p\u00e9riode de questions particuli\u00e8rement dynamique. Les discussions ont port\u00e9 sur trois&#8230;  <a href=\"https:\/\/portage.ca\/fr\/consultation-m365-en-visite-au-lac-echo-un-echange-stimulant\/\" class=\"more-link\" title=\"Read Consultation M365 en visite au Lac \u00c9cho : un \u00e9change stimulant\">Read more &raquo;<\/a><\/p>\n","protected":false},"author":19,"featured_media":46564,"comment_status":"open","ping_status":"open","sticky":false,"template":"","format":"standard","meta":{"_acf_changed":false,"footnotes":"","_links_to":"","_links_to_target":""},"categories":[3,7,13],"tags":[181,354],"class_list":["post-46563","post","type-post","status-publish","format-standard","has-post-thumbnail","hentry","category-nouvelles","category-nouvelles-quebec","category-nouvelles-fondation-quebec","tag-adolescents-fr","tag-fondation"],"acf":[],"_links":{"self":[{"href":"https:\/\/portage.ca\/fr\/wp-json\/wp\/v2\/posts\/46563","targetHints":{"allow":["GET"]}}],"collection":[{"href":"https:\/\/portage.ca\/fr\/wp-json\/wp\/v2\/posts"}],"about":[{"href":"https:\/\/portage.ca\/fr\/wp-json\/wp\/v2\/types\/post"}],"author":[{"embeddable":true,"href":"https:\/\/portage.ca\/fr\/wp-json\/wp\/v2\/users\/19"}],"replies":[{"embeddable":true,"href":"https:\/\/portage.ca\/fr\/wp-json\/wp\/v2\/comments?post=46563"}],"version-history":[{"count":4,"href":"https:\/\/portage.ca\/fr\/wp-json\/wp\/v2\/posts\/46563\/revisions"}],"predecessor-version":[{"id":46630,"href":"https:\/\/portage.ca\/fr\/wp-json\/wp\/v2\/posts\/46563\/revisions\/46630"}],"wp:featuredmedia":[{"embeddable":true,"href":"https:\/\/portage.ca\/fr\/wp-json\/wp\/v2\/media\/46564"}],"wp:attachment":[{"href":"https:\/\/portage.ca\/fr\/wp-json\/wp\/v2\/media?parent=46563"}],"wp:term":[{"taxonomy":"category","embeddable":true,"href":"https:\/\/portage.ca\/fr\/wp-json\/wp\/v2\/categories?post=46563"},{"taxonomy":"post_tag","embeddable":true,"href":"https:\/\/portage.ca\/fr\/wp-json\/wp\/v2\/tags?post=46563"}],"curies":[{"name":"wp","href":"https:\/\/api.w.org\/{rel}","templated":true}]}}