{"id":46331,"date":"2025-10-27T10:20:49","date_gmt":"2025-10-27T15:20:49","guid":{"rendered":"https:\/\/portage.ca\/?p=46331"},"modified":"2025-10-27T10:22:08","modified_gmt":"2025-10-27T15:22:08","slug":"communique-de-presse-portage-celebre-la-perseverance-et-la-reussite-de-ses-222-finissants","status":"publish","type":"post","link":"https:\/\/portage.ca\/fr\/communique-de-presse-portage-celebre-la-perseverance-et-la-reussite-de-ses-222-finissants\/","title":{"rendered":"Communiqu\u00e9 de presse \u2013 Portage c\u00e9l\u00e8bre la pers\u00e9v\u00e9rance et la r\u00e9ussite  de ses 222 finissants"},"content":{"rendered":"\n\n\t<p class=\"lead\"><strong>Qu\u00e9bec, le 27\u00a0octobre 2025<\/strong> &#8211;\u00a0Hier, 222\u00a0finissants ayant compl\u00e9t\u00e9 leur programme chez Portage ont \u00e9t\u00e9 honor\u00e9s en pr\u00e9sence de leurs proches, \u00e0 l&rsquo;occasion de la F\u00eate de la Reconnaissance, un \u00e9v\u00e9nement annuel visant \u00e0 souligner leur efforts et succ\u00e8s dans leur d\u00e9marche de r\u00e9adaptation. Les laur\u00e9ats des programmes pour adultes \u00e0 Qu\u00e9bec, pour adolescents et jeunes adultes \u00e0 Saint-Malachie et ceux du Centre de formation \u00e0 l&#8217;emploi sont tous mont\u00e9s sur sc\u00e8ne afin de recevoir leur dipl\u00f4me, symbole de la r\u00e9ussite de leur parcours.<\/p>\n<p>Pour la premi\u00e8re fois cette ann\u00e9e, la c\u00e9r\u00e9monie s&rsquo;est tenue \u00e0 la Salle Sylvain-Leli\u00e8vre du C\u00e9gep de Limoilou. L&rsquo;atmosph\u00e8re \u00e9tait \u00e0 la f\u00eate alors que les finissants c\u00e9l\u00e9braient le d\u00e9but d&rsquo;une vie nouvelle, entour\u00e9s de leurs parents, amis et pr\u00e9cieux partenaires de Portage. Certains autres, ayant termin\u00e9 leur s\u00e9jour plus t\u00f4t cette ann\u00e9e, profitaient \u00e9galement de l&rsquo;occasion pour souligner le mode de vie positif qu&rsquo;ils ont su conserver depuis.<\/p>\n<p>\u00ab\u2009La d\u00e9pendance ne fait pas de s\u00e9lection. Elle s&rsquo;installe lentement, discr\u00e8tement, et finit par prendre toute la place. Aujourd&rsquo;hui \u00e0 69\u00a0ans, j&rsquo;ai tendu la main et Portage l&rsquo;a prise, deux fois plut\u00f4t qu&rsquo;une. Je peux vous dire que le changement est possible \u00e0 tout \u00e2ge. Il n&rsquo;est jamais trop tard pour se relever, apprendre \u00e0 s&rsquo;aimer, bref prendre un nouveau d\u00e9part. Merci Portage\u2009!\u2009\u00bb, a soulign\u00e9 fi\u00e8rement Ga\u00e9tan, finissant du programme externe pour adultes \u00e0 Qu\u00e9bec.<\/p>\n<p>Une jeune adulte a \u00e9galement t\u00e9moign\u00e9 de l&rsquo;impact qu&rsquo;un s\u00e9jour chez Portage peut avoir sur sa vie en nous partageant ceci\u00a0: \u00ab\u2009Apr\u00e8s plusieurs mois \u00e0 Portage, j&rsquo;ai reconnect\u00e9 avec la personne que je suis vraiment\u00a0: de nature joyeuse, sociable et optimiste. J&rsquo;ai appris \u00e0 faire confiance et \u00e0 communiquer efficacement. Portage ce n&rsquo;est pas une recette magique, c&rsquo;est du travail sur toi-m\u00eame, des larmes, de la col\u00e8re, des joies, des souvenirs, une famille et des outils essentiels pour \u00eatre heureuse.\u2009\u00bb<\/p>\n<p>&nbsp;<\/p>\n<p><strong>Bourses d&rsquo;\u00e9tudes remises pour encourager la pers\u00e9v\u00e9rance scolaire<\/strong><\/p>\n<p>Dix-sept bourses d&rsquo;\u00e9tudes ont \u00e9galement \u00e9t\u00e9 remises lors de l&rsquo;\u00e9v\u00e9nement. Ces bourses proviennent du fonds cr\u00e9\u00e9 en la m\u00e9moire de Charles Neyron, un employ\u00e9 de Portage qui a encourag\u00e9, pendant plus de 20\u00a0ans, les personnes aux prises avec une d\u00e9pendance \u00e0 se reprendre en main, \u00e0 trouver un emploi et \u00e0 r\u00e9aliser leur plein potentiel. Nous soulignons la g\u00e9n\u00e9rosit\u00e9 de la Famille Price et de Sanimax qui a permis la cr\u00e9ation de ce fonds contribuant ainsi concr\u00e8tement \u00e0 l&rsquo;avenir des jeunes et des adultes en r\u00e9tablissement. Depuis la cr\u00e9ation de ce programme, ce sont 75\u00a0bourses d&rsquo;\u00e9tudes qui ont \u00e9t\u00e9 remises.<\/p>\n<p>&nbsp;<\/p>\n<p><strong>Lancement de la campagne annuelle de financement<\/strong><\/p>\n<p>Avant le d\u00e9roulement de la c\u00e9r\u00e9monie, Portage a \u00e9galement lanc\u00e9 sa campagne annuelle de financement. C&rsquo;est gr\u00e2ce \u00e0 l&rsquo;appui de la communaut\u00e9 et des membres du comit\u00e9 de la campagne que Portage peut maintenir et bonifier ses programmes dans les r\u00e9gions de Qu\u00e9bec et de Chaudi\u00e8re-Appalaches et rendre possible les succ\u00e8s qui sont c\u00e9l\u00e9br\u00e9s aujourd&rsquo;hui.<\/p>\n<p>&nbsp;<\/p>\n<p><strong>\u00c0 propos de Portage<\/strong><\/p>\n<p>Portage a aid\u00e9 des milliers de personnes aux prises avec des probl\u00e8mes de d\u00e9pendance. L&rsquo;organisme offre une multitude de services adapt\u00e9s aux besoins de ses r\u00e9sidents adultes, adolescents, m\u00e8res avec de jeunes enfants, femmes enceintes et personnes souffrant de probl\u00e8mes de sant\u00e9 mentale. Les programmes de r\u00e9adaptation de Portage sont offerts gratuitement et sont reconnus et certifi\u00e9s par Agr\u00e9ment Canada.<\/p>\n<p>Portage g\u00e8re plusieurs centres de r\u00e9adaptation en toxicomanie au Qu\u00e9bec\u00a0: \u00e0 Montr\u00e9al, Pr\u00e9vost (Laurentides), \u00e0 Qu\u00e9bec et \u00e0 Saint-Malachie (Chaudi\u00e8re-Appalaches). Un autre \u00e9tablissement dessert la population du Canada Atlantique. Pour de plus amples renseignements, visitez le <a href=\"http:\/\/www.portage.ca\">www.portage.ca<\/a>.<\/p>\n<p>-30-<\/p>\n<p><strong>Informations\u00a0:<\/strong><\/p>\n<p>Nicolas Doucet<\/p>\n<p>TACT Intelligence-conseil<\/p>\n<p>581-986-5536<\/p>\n<p><a href=\"mailto:ndoucet@tactconseil.ca\">ndoucet@tactconseil.ca<\/a><\/p>\n<p>&nbsp;<\/p>\n<p><strong>Source\u00a0: <\/strong><\/p>\n<p>Portage<\/p>\n\t<p>Share the article:<\/p>\n\t\t\t\t\t\t\t\t<a href=\"https:\/\/www.facebook.com\/sharer.php?u=https:\/\/portage.ca\/fr\/?p=46331&#038;fl_builder&#038;title=Communiqu%C3%A9+de+presse+%E2%80%93+Portage+c%C3%A9l%C3%A8bre+la+pers%C3%A9v%C3%A9rance+et+la+r%C3%A9ussite++de+ses+222+finissants\">\n\t\t\t\t\t\t\t\t\t\t\t\tShare on Facebook\n\t\t\t\t\t\t\t\t\t<\/a>\n\t\t\t\t\t\t\t\t<a href=\"https:\/\/www.linkedin.com\/shareArticle?mini=true&#038;url=https:\/\/portage.ca\/fr\/?p=46331&#038;fl_builder&#038;title=Communiqu%C3%A9+de+presse+%E2%80%93+Portage+c%C3%A9l%C3%A8bre+la+pers%C3%A9v%C3%A9rance+et+la+r%C3%A9ussite++de+ses+222+finissants\">\n\t\t\t\t\t\t\t\t\t\t\t\tShare on Linkedin\n\t\t\t\t\t\t\t\t\t<\/a>\n\n","protected":false},"excerpt":{"rendered":"<p>Qu\u00e9bec, le 27\u00a0octobre 2025 &#8211;\u00a0Hier, 222\u00a0finissants ayant compl\u00e9t\u00e9 leur programme chez Portage ont \u00e9t\u00e9 honor\u00e9s en pr\u00e9sence de leurs proches, \u00e0 l&rsquo;occasion de la F\u00eate de la Reconnaissance, un \u00e9v\u00e9nement annuel visant \u00e0 souligner leur efforts et succ\u00e8s dans leur d\u00e9marche de r\u00e9adaptation. Les laur\u00e9ats des programmes pour adultes \u00e0 Qu\u00e9bec, pour adolescents et jeunes&#8230;  <a href=\"https:\/\/portage.ca\/fr\/communique-de-presse-portage-celebre-la-perseverance-et-la-reussite-de-ses-222-finissants\/\" class=\"more-link\" title=\"Read Communiqu\u00e9 de presse \u2013 Portage c\u00e9l\u00e8bre la pers\u00e9v\u00e9rance et la r\u00e9ussite  de ses 222 finissants\">Read more &raquo;<\/a><\/p>\n","protected":false},"author":19,"featured_media":46332,"comment_status":"open","ping_status":"open","sticky":false,"template":"","format":"standard","meta":{"_acf_changed":false,"footnotes":"","_links_to":"","_links_to_target":""},"categories":[38],"tags":[281],"class_list":["post-46331","post","type-post","status-publish","format-standard","has-post-thumbnail","hentry","category-communiques","tag-famille"],"acf":[],"_links":{"self":[{"href":"https:\/\/portage.ca\/fr\/wp-json\/wp\/v2\/posts\/46331","targetHints":{"allow":["GET"]}}],"collection":[{"href":"https:\/\/portage.ca\/fr\/wp-json\/wp\/v2\/posts"}],"about":[{"href":"https:\/\/portage.ca\/fr\/wp-json\/wp\/v2\/types\/post"}],"author":[{"embeddable":true,"href":"https:\/\/portage.ca\/fr\/wp-json\/wp\/v2\/users\/19"}],"replies":[{"embeddable":true,"href":"https:\/\/portage.ca\/fr\/wp-json\/wp\/v2\/comments?post=46331"}],"version-history":[{"count":4,"href":"https:\/\/portage.ca\/fr\/wp-json\/wp\/v2\/posts\/46331\/revisions"}],"predecessor-version":[{"id":46338,"href":"https:\/\/portage.ca\/fr\/wp-json\/wp\/v2\/posts\/46331\/revisions\/46338"}],"wp:featuredmedia":[{"embeddable":true,"href":"https:\/\/portage.ca\/fr\/wp-json\/wp\/v2\/media\/46332"}],"wp:attachment":[{"href":"https:\/\/portage.ca\/fr\/wp-json\/wp\/v2\/media?parent=46331"}],"wp:term":[{"taxonomy":"category","embeddable":true,"href":"https:\/\/portage.ca\/fr\/wp-json\/wp\/v2\/categories?post=46331"},{"taxonomy":"post_tag","embeddable":true,"href":"https:\/\/portage.ca\/fr\/wp-json\/wp\/v2\/tags?post=46331"}],"curies":[{"name":"wp","href":"https:\/\/api.w.org\/{rel}","templated":true}]}}