{"id":45953,"date":"2025-10-05T09:04:27","date_gmt":"2025-10-05T14:04:27","guid":{"rendered":"https:\/\/portage.ca\/?p=45953"},"modified":"2025-12-08T09:27:32","modified_gmt":"2025-12-08T14:27:32","slug":"portage-atlantique-rend-hommage-a-ses-finissants-a-loccasion-de-la-fete-de-la-reconnaissance-2025","status":"publish","type":"post","link":"https:\/\/portage.ca\/fr\/portage-atlantique-rend-hommage-a-ses-finissants-a-loccasion-de-la-fete-de-la-reconnaissance-2025\/","title":{"rendered":"Communiqu\u00e9 de presse \u2013 Portage Atlantique rend hommage \u00e0 ses finissants, \u00e0 l\u2019occasion de la F\u00eate de la reconnaissance 2025"},"content":{"rendered":"\n\n\t<p class=\"lead\"><strong>Cassidy Lake, Nouveau-Brunswick &#8211; 5 octobre 2025 &#8211;<\/strong> Portage Atlantique c\u00e9l\u00e8bre aujourd&rsquo;hui la r\u00e9ussite des 28 jeunes finissants de son programme de r\u00e9adaptation \u00e0 Cassidy Lake lors de la traditionnelle F\u00eate de la reconnaissance, un \u00e9v\u00e9nement empreint d&rsquo;\u00e9motion et de fiert\u00e9.<\/p>\n<p>Sous le th\u00e8me \u00ab Le changement, c&rsquo;est \u00bb, la c\u00e9r\u00e9monie met en lumi\u00e8re le parcours inspirant des adolescents et des jeunes adultes qui ont r\u00e9ussi leur cheminement vers la sobri\u00e9t\u00e9. Ce th\u00e8me refl\u00e8te les nombreuses dimensions du changement qu&rsquo;ils ont v\u00e9cu &#8211; sur le plan personnel, familial et social &#8211; et l&rsquo;espoir d&rsquo;une vie meilleure qui les anime d\u00e9sormais.<\/p>\n<p>La ministre du D\u00e9veloppement social, Cindy Miles, a particip\u00e9 \u00e0 cette journ\u00e9e tr\u00e8s sp\u00e9ciale en tant que conf\u00e9renci\u00e8re invit\u00e9e et s&rsquo;est jointe aux participants pour c\u00e9l\u00e9brer le parcours remarquable de ces jeunes. La c\u00e9r\u00e9monie de reconnaissance rassemble les familles, le personnel et les membres de la communaut\u00e9 afin de c\u00e9l\u00e9brer les succ\u00e8s et d&rsquo;encourager les jeunes \u00e0 poursuivre leur chemin avec confiance.<\/p>\n<p>Cette ann\u00e9e, Portage Atlantique est fier d&rsquo;aider sept jeunes \u00e0 poursuivre leurs \u00e9tudes gr\u00e2ce \u00e0 son programme de bourses d&rsquo;\u00e9tudes, qui existe depuis de nombreuses ann\u00e9es. Dave Ferguson, pr\u00e9sident de Portage Atlantique, pr\u00e9sent \u00e0 la c\u00e9r\u00e9monie, mentionne que le programme de bourses d&rsquo;\u00e9tudes joue un r\u00f4le important dans le renforcement de la confiance et de l&rsquo;espoir. Ce programme fourni aux jeunes une occasion exceptionnelle de prendre un nouveau d\u00e9part dans la vie et de renforcer leur estime de soi et leur motivation.<\/p>\n<p>Portage tient \u00e0 f\u00e9liciter chaleureusement les finissants et \u00e0 remercier tous ceux qui les ont soutenus tout au long de leur r\u00e9adaptation.<\/p>\n<p>\u00ab \u00c0 Portage, nous sommes tr\u00e8s fiers du parcours de nos finissants et nous souhaitons leur rendre hommage gr\u00e2ce \u00e0 cette c\u00e9r\u00e9monie. Aujourd&rsquo;hui, ces jeunes ouvrent la porte \u00e0 de nouvelles opportunit\u00e9s, \u00e0 des perspectives plus lumineuses et \u00e0 la chance de devenir la meilleure version d&rsquo;eux-m\u00eames. \u00bb<\/p>\n<p><strong>Tambrie Hicks, Directrice du centre <\/strong><\/p>\n<p>&nbsp;<\/p>\n<p><strong>\u00c0 propos de Portage Atlantique<\/strong><\/p>\n<p>Portage Atlantique op\u00e8re un programme de r\u00e9adaptation r\u00e9sidentiel \u00e0 Cassidy Lake et un programme de soutien communautaire \u00e0 Moncton, destin\u00e9s aux jeunes \u00e2g\u00e9s de 14 \u00e0 21 ans souffrant de probl\u00e8mes de d\u00e9pendances. Ces programmes bilingues reposent sur l&rsquo;approche de la communaut\u00e9 th\u00e9rapeutique qui, gr\u00e2ce \u00e0 l&rsquo;exemple positif donn\u00e9 par les pairs, aide les r\u00e9sidents \u00e0 renforcer leur estime de soi et \u00e0 apprendre \u00e0 mieux g\u00e9rer les d\u00e9fis de la vie sans recourir \u00e0 la consommation. Portage est accr\u00e9dit\u00e9 par Agr\u00e9ment Canada.<\/p>\n<p>Pour plus d&rsquo;informations : <a href=\"https:\/\/portage.ca\/fr\/\" target=\"_blank\" rel=\"noopener\">www.portage.ca<\/a><\/p>\n<p><em><strong> Source :<\/strong> <\/em><\/p>\n<p><em>Carol Tracey<\/em><\/p>\n<p><em> Directrice du d\u00e9veloppement corporatif Portage Atlantique <\/em><\/p>\n<p><em>506-472-4847<\/em><\/p>\n<p><em><a href=\"mailto:ctracey@portage.ca\">ctracey@portage.ca<\/a><\/em><\/p>\n\t<p>Partagez cet article :<\/p>\n\t\t\t\t\t\t\t\t<a href=\"https:\/\/www.facebook.com\/sharer.php?u=https:\/\/portage.ca\/fr\/?p=45953&#038;fl_builder&#038;title=Communiqu%C3%A9+de+presse+%E2%80%93+Portage+Atlantique+rend+hommage+%C3%A0+ses+finissants%2C+%C3%A0+l%E2%80%99occasion+de+la+F%C3%AAte+de+la+reconnaissance+2025\">\n\t\t\t\t\t\t\t\t\t\t\t\tShare on Facebook\n\t\t\t\t\t\t\t\t\t<\/a>\n\t\t\t\t\t\t\t\t<a href=\"https:\/\/www.linkedin.com\/shareArticle?mini=true&#038;url=https:\/\/portage.ca\/fr\/?p=45953&#038;fl_builder&#038;title=Communiqu%C3%A9+de+presse+%E2%80%93+Portage+Atlantique+rend+hommage+%C3%A0+ses+finissants%2C+%C3%A0+l%E2%80%99occasion+de+la+F%C3%AAte+de+la+reconnaissance+2025\">\n\t\t\t\t\t\t\t\t\t\t\t\tShare on Linkedin\n\t\t\t\t\t\t\t\t\t<\/a>\n\n","protected":false},"excerpt":{"rendered":"<p>Cassidy Lake, Nouveau-Brunswick &#8211; 5 octobre 2025 &#8211; Portage Atlantique c\u00e9l\u00e8bre aujourd&rsquo;hui la r\u00e9ussite des 28 jeunes finissants de son programme de r\u00e9adaptation \u00e0 Cassidy Lake lors de la traditionnelle F\u00eate de la reconnaissance, un \u00e9v\u00e9nement empreint d&rsquo;\u00e9motion et de fiert\u00e9. Sous le th\u00e8me \u00ab Le changement, c&rsquo;est \u00bb, la c\u00e9r\u00e9monie met en lumi\u00e8re le&#8230;  <a href=\"https:\/\/portage.ca\/fr\/portage-atlantique-rend-hommage-a-ses-finissants-a-loccasion-de-la-fete-de-la-reconnaissance-2025\/\" class=\"more-link\" title=\"Read Communiqu\u00e9 de presse \u2013 Portage Atlantique rend hommage \u00e0 ses finissants, \u00e0 l\u2019occasion de la F\u00eate de la reconnaissance 2025\">Read more &raquo;<\/a><\/p>\n","protected":false},"author":19,"featured_media":45957,"comment_status":"open","ping_status":"open","sticky":false,"template":"","format":"standard","meta":{"_acf_changed":false,"footnotes":"","_links_to":"","_links_to_target":""},"categories":[38],"tags":[],"class_list":["post-45953","post","type-post","status-publish","format-standard","has-post-thumbnail","hentry","category-communiques"],"acf":[],"_links":{"self":[{"href":"https:\/\/portage.ca\/fr\/wp-json\/wp\/v2\/posts\/45953","targetHints":{"allow":["GET"]}}],"collection":[{"href":"https:\/\/portage.ca\/fr\/wp-json\/wp\/v2\/posts"}],"about":[{"href":"https:\/\/portage.ca\/fr\/wp-json\/wp\/v2\/types\/post"}],"author":[{"embeddable":true,"href":"https:\/\/portage.ca\/fr\/wp-json\/wp\/v2\/users\/19"}],"replies":[{"embeddable":true,"href":"https:\/\/portage.ca\/fr\/wp-json\/wp\/v2\/comments?post=45953"}],"version-history":[{"count":6,"href":"https:\/\/portage.ca\/fr\/wp-json\/wp\/v2\/posts\/45953\/revisions"}],"predecessor-version":[{"id":46891,"href":"https:\/\/portage.ca\/fr\/wp-json\/wp\/v2\/posts\/45953\/revisions\/46891"}],"wp:featuredmedia":[{"embeddable":true,"href":"https:\/\/portage.ca\/fr\/wp-json\/wp\/v2\/media\/45957"}],"wp:attachment":[{"href":"https:\/\/portage.ca\/fr\/wp-json\/wp\/v2\/media?parent=45953"}],"wp:term":[{"taxonomy":"category","embeddable":true,"href":"https:\/\/portage.ca\/fr\/wp-json\/wp\/v2\/categories?post=45953"},{"taxonomy":"post_tag","embeddable":true,"href":"https:\/\/portage.ca\/fr\/wp-json\/wp\/v2\/tags?post=45953"}],"curies":[{"name":"wp","href":"https:\/\/api.w.org\/{rel}","templated":true}]}}