{"id":44812,"date":"2025-07-25T13:56:20","date_gmt":"2025-07-25T18:56:20","guid":{"rendered":"https:\/\/portage.ca\/?p=44812"},"modified":"2025-10-08T08:40:21","modified_gmt":"2025-10-08T13:40:21","slug":"portage-atlantique-annonce-louverture-dun-nouveau-programme-de-soutien-communautaire-a-moncton","status":"publish","type":"post","link":"https:\/\/portage.ca\/fr\/portage-atlantique-annonce-louverture-dun-nouveau-programme-de-soutien-communautaire-a-moncton\/","title":{"rendered":"Communiqu\u00e9 de presse \u2013 Portage Atlantique annonce l\u2019ouverture d\u2019un nouveau programme de soutien communautaire \u00e0 Moncton"},"content":{"rendered":"\r\n<p class=\"lead\">Moncton, le 25 juillet &#8211; Portage Atlantique est heureux d&rsquo;annoncer l&rsquo;ouverture de son nouveau programme de soutien communautaire \u00e0 Moncton. Les activit\u00e9s commenceront le lundi 25 ao\u00fbt 2025.<\/p>\r\n<p>Ce nouveau programme vise \u00e0 am\u00e9liorer l&rsquo;acc\u00e8s aux services de soutien en d\u00e9pendance et en sant\u00e9 mentale pour les jeunes, tout en garantissant un environnement sans stigmatisation. En offrant des interventions plus pr\u00e9coces, le programme r\u00e9pond aux besoins imm\u00e9diats des jeunes et de leurs familles, contribuant ainsi \u00e0 pr\u00e9venir des probl\u00e8mes plus graves \u00e0 long terme.<\/p>\r\n<p>Le programme s&rsquo;adresse aux jeunes de 14 \u00e0 21 ans qui sont confront\u00e9s \u00e0 des probl\u00e9matiques de consommation ainsi qu&rsquo;\u00e0 leurs familles. Les jeunes admissibles au programme r\u00e9sidentiel de Portage Atlantique, situ\u00e9 \u00e0 Cassidy Lake (Nouveau-Brunswick), participeront \u00e0 une p\u00e9riode de soutien pr\u00e9paratoire au sein de leur communaut\u00e9 locale. Ce processus leur permettra de se familiariser avec l&rsquo;approche th\u00e9rapeutique de Portage, les diff\u00e9rentes \u00e9tapes de traitement, ainsi que les valeurs et objectifs du programme. Ils auront \u00e9galement l&rsquo;occasion de mieux comprendre les aspects li\u00e9s \u00e0 la scolarit\u00e9, le r\u00f4le des familles et des partenaires communautaires, ainsi que les modalit\u00e9s de transition vers la phase r\u00e9sidentielle.<\/p>\r\n<p>Depuis 28 ans, Portage Atlantique fait partie int\u00e9grante du continuum de soins en d\u00e9pendance et en sant\u00e9 mentale au Nouveau-Brunswick, et reste un acteur essentiel dans la lutte contre la d\u00e9pendance chez les jeunes. Le nouveau programme de soins communautaire renforcera les partenariats existants et permettra de travailler de concert avec les organismes sp\u00e9cialis\u00e9s. Cette collaboration permettra de garantir aux jeunes vuln\u00e9rables, de recevoir tous les soins n\u00e9cessaires pour leur r\u00e9tablissement.<\/p>\r\n<p>Le lancement de ce programme a \u00e9t\u00e9 rendu possible gr\u00e2ce au soutien g\u00e9n\u00e9reux de la \u00ab Sharps Mayflower Foundation \u00bb<\/p>\r\n<p>-30-<\/p>\r\n<p>&nbsp;<\/p>\r\n<p>Pour toute demande d&rsquo;information, veuillez contacter<\/p>\r\n<p>Carol Tracey<\/p>\r\n<p>Directrice du d\u00e9veloppement corporatif &#8211; Portage Atlantique 506-472-4847 &#8211; ctracey@portage.ca<\/p>\r\n<p>Partagez cet article :<\/p>\r\n<p><a href=\"https:\/\/www.facebook.com\/sharer.php?u=https:\/\/portage.ca\/fr\/?p=44812&amp;fl_builder&amp;title=Portage+Atlantique+annonce+l%E2%80%99ouverture+d%E2%80%99un+nouveau+programme+de+soutien+communautaire+%C3%A0+Moncton\"> Share on Facebook <\/a> <a href=\"https:\/\/www.linkedin.com\/shareArticle?mini=true&amp;url=https:\/\/portage.ca\/fr\/?p=44812&amp;fl_builder&amp;title=Portage+Atlantique+annonce+l%E2%80%99ouverture+d%E2%80%99un+nouveau+programme+de+soutien+communautaire+%C3%A0+Moncton\"> Share on Linkedin <\/a><\/p>\r\n","protected":false},"excerpt":{"rendered":"<p>Moncton, le 25 juillet &#8211; Portage Atlantique est heureux d&rsquo;annoncer l&rsquo;ouverture de son nouveau programme de soutien communautaire \u00e0 Moncton. Les activit\u00e9s commenceront le lundi 25 ao\u00fbt 2025. Ce nouveau programme vise \u00e0 am\u00e9liorer l&rsquo;acc\u00e8s aux services de soutien en d\u00e9pendance et en sant\u00e9 mentale pour les jeunes, tout en garantissant un environnement sans stigmatisation&#8230;.  <a href=\"https:\/\/portage.ca\/fr\/portage-atlantique-annonce-louverture-dun-nouveau-programme-de-soutien-communautaire-a-moncton\/\" class=\"more-link\" title=\"Read Communiqu\u00e9 de presse \u2013 Portage Atlantique annonce l\u2019ouverture d\u2019un nouveau programme de soutien communautaire \u00e0 Moncton\">Read more &raquo;<\/a><\/p>\n","protected":false},"author":13,"featured_media":44302,"comment_status":"open","ping_status":"open","sticky":false,"template":"","format":"standard","meta":{"_acf_changed":false,"footnotes":"","_links_to":"","_links_to_target":""},"categories":[38],"tags":[360],"class_list":["post-44812","post","type-post","status-publish","format-standard","has-post-thumbnail","hentry","category-communiques","tag-portage-atlantique"],"acf":[],"_links":{"self":[{"href":"https:\/\/portage.ca\/fr\/wp-json\/wp\/v2\/posts\/44812","targetHints":{"allow":["GET"]}}],"collection":[{"href":"https:\/\/portage.ca\/fr\/wp-json\/wp\/v2\/posts"}],"about":[{"href":"https:\/\/portage.ca\/fr\/wp-json\/wp\/v2\/types\/post"}],"author":[{"embeddable":true,"href":"https:\/\/portage.ca\/fr\/wp-json\/wp\/v2\/users\/13"}],"replies":[{"embeddable":true,"href":"https:\/\/portage.ca\/fr\/wp-json\/wp\/v2\/comments?post=44812"}],"version-history":[{"count":3,"href":"https:\/\/portage.ca\/fr\/wp-json\/wp\/v2\/posts\/44812\/revisions"}],"predecessor-version":[{"id":46113,"href":"https:\/\/portage.ca\/fr\/wp-json\/wp\/v2\/posts\/44812\/revisions\/46113"}],"wp:featuredmedia":[{"embeddable":true,"href":"https:\/\/portage.ca\/fr\/wp-json\/wp\/v2\/media\/44302"}],"wp:attachment":[{"href":"https:\/\/portage.ca\/fr\/wp-json\/wp\/v2\/media?parent=44812"}],"wp:term":[{"taxonomy":"category","embeddable":true,"href":"https:\/\/portage.ca\/fr\/wp-json\/wp\/v2\/categories?post=44812"},{"taxonomy":"post_tag","embeddable":true,"href":"https:\/\/portage.ca\/fr\/wp-json\/wp\/v2\/tags?post=44812"}],"curies":[{"name":"wp","href":"https:\/\/api.w.org\/{rel}","templated":true}]}}