{"id":43441,"date":"2025-06-30T08:29:31","date_gmt":"2025-06-30T13:29:31","guid":{"rendered":"https:\/\/portage.ca\/?p=43441"},"modified":"2025-08-04T13:41:07","modified_gmt":"2025-08-04T18:41:07","slug":"les-troubles-concomitants-mieux-comprendre-pour-mieux-accompagner","status":"publish","type":"post","link":"https:\/\/portage.ca\/fr\/les-troubles-concomitants-mieux-comprendre-pour-mieux-accompagner\/","title":{"rendered":"Les troubles concomitants : mieux comprendre pour mieux accompagner"},"content":{"rendered":"\n\n\t<p class=\"lead\">Les troubles concomitants repr\u00e9sentent l&rsquo;un des d\u00e9fis les plus complexes du syst\u00e8me de sant\u00e9. Lorsqu&rsquo;une personne pr\u00e9sente simultan\u00e9ment des probl\u00e8mes de sant\u00e9 mentale importants et une consommation de substances, elle se retrouve souvent prise dans un labyrinthe de services disjoints qui, paradoxalement, peuvent aggraver sa situation plut\u00f4t que l&rsquo;am\u00e9liorer.<\/p>\n<h2>Qu&rsquo;est-ce qu&rsquo;un trouble concomitant ?<\/h2>\n<p>&nbsp;<\/p>\n<p>Un trouble concomitant (TC) se manifeste lorsqu&rsquo;une personne vit des enjeux de sant\u00e9 mentale en m\u00eame temps qu&rsquo;une consommation de substances. Ces troubles apparaissent simultan\u00e9ment et sont interconnect\u00e9s dans leur d\u00e9veloppement.<\/p>\n<p><a href=\"https:\/\/www.aidq.org\/fr\/\">L&rsquo;Association des intervenants en d\u00e9pendance du Qu\u00e9bec (AIDQ)<\/a> identifie quatre grandes causes pour expliquer l&rsquo;apparition des troubles concomitants :<\/p>\n<ol>\n<li><strong>L&rsquo;autom\u00e9dication\u00a0<\/strong>:\u00a0La consommation de substances pour soulager un trouble de sant\u00e9 mentale. Cette strat\u00e9gie peut offrir un soulagement temporaire, mais elle aggrave souvent la situation \u00e0 long terme. <em>Exemple : une personne souffrant d&rsquo;insomnie chronique qui prend des somnif\u00e8res ou du cannabis pour dormir.<\/em><\/li>\n<li><strong>La consommation d\u00e9clenche un trouble mental <\/strong>: Consommer des substances peut d\u00e9clencher ou aggraver un trouble mental, comme un \u00e9pisode d\u00e9pressif, anxieux ou psychotique. <em>Exemple : apr\u00e8s une p\u00e9riode intense de consommation de m\u00e9thamph\u00e9tamines, une personne d\u00e9veloppe un trouble parano\u00efde s\u00e9v\u00e8re.<\/em><\/li>\n<li><strong>Les cons\u00e9quences indirectes<\/strong>: les cons\u00e9quences de la consommation (perte d&#8217;emploi, isolement, pr\u00e9carit\u00e9, etc.) peuvent entra\u00eener \u00e0 leur tour une d\u00e9t\u00e9rioration de la sant\u00e9 mentale. <em>Exemple : une personne perd la garde de ses enfants en raison de sa consommation, ce qui d\u00e9clenche chez elle un \u00e9pisode d\u00e9pressif majeur.<\/em><\/li>\n<li><strong>Le facteur commun<\/strong>: un facteur commun, comme un traumatisme, une vuln\u00e9rabilit\u00e9 biologique ou un stress psychosocial, peut \u00eatre \u00e0 l&rsquo;origine \u00e0 la fois de la consommation et des troubles psychiques. <em>Exemple : une personne ayant grandi dans un milieu violent et instable d\u00e9veloppe un trouble de la personnalit\u00e9 et commence \u00e0 consommer pour r\u00e9guler ses \u00e9motions.<\/em><\/li>\n<\/ol>\n<p>&nbsp;<\/p>\n<p>Ces mod\u00e8les sont illustr\u00e9s dans des fiches explicatives disponibles <a href=\"https:\/\/www.aidq.org\/fr\/projet-troubles-concomitants?utm_source=yapla_infolettres&amp;utm_medium=email&amp;utm_campaign=infolettre-professionnelle_avril_2024\">sur le site de l&rsquo;AIDQ<\/a>, accompagn\u00e9es de conseils et des pistes d&rsquo;intervention.<\/p>\n<p>&nbsp;<\/p>\n<h2>Le ph\u00e9nom\u00e8ne du ballottement : quand les syst\u00e8mes ne se parlent pas<\/h2>\n<p>&nbsp;<\/p>\n<p>Les personnes vivant avec un trouble concomitant se retrouvent souvent coinc\u00e9es entre plusieurs syst\u00e8mes &#8211; sant\u00e9, services sociaux, justice, logement &#8211; sans coordination r\u00e9elle entre les intervenants. Ce manque de communication entre les ressources cr\u00e9e un effet de ballottement, o\u00f9 la personne est dirig\u00e9e d&rsquo;un service \u00e0 l&rsquo;autre sans r\u00e9ponse globale \u00e0 sa situation.<\/p>\n<p>R\u00e9sultat\u202f: plut\u00f4t que de se stabiliser, elle voit sa d\u00e9tresse s&rsquo;aggraver, sa motivation s&rsquo;\u00e9roder et son sentiment d&rsquo;exclusion s&rsquo;amplifier. Ce ph\u00e9nom\u00e8ne, comme document\u00e9 par l&rsquo;AIDQ, souligne l&rsquo;importance d&rsquo;une approche int\u00e9gr\u00e9e, continue et centr\u00e9e sur la personne.<\/p>\n<p>&nbsp;<\/p>\n<p><a href=\"https:\/\/www.aidq.org\/fr\/actualites-aidq-details\/deux-nouvelles-capsules-pour-mieux-comprendre-et-agir-face-au-ballotement-des-personnes-vivant-avec-un-tc\">Deux capsules pour mieux comprendre le ballotement &#8211; AIDQ<\/a><\/p>\n<p>&nbsp;<\/p>\n<p>Le principe de <strong>\u00ab\u202fNo wrong door\u202f\u00bb<\/strong> devient alors essentiel\u202f: peu importe la porte par laquelle une personne entre dans le syst\u00e8me, elle doit \u00eatre accueillie, \u00e9cout\u00e9e, orient\u00e9e et guid\u00e9e vers une aide adapt\u00e9e. Chaque point de contact doit \u00eatre une opportunit\u00e9 r\u00e9elle d&rsquo;acc\u00e8s \u00e0 un soutien, et non un renvoi vers un autre maillon du r\u00e9seau.<\/p>\n\n<h2>Un mod\u00e8le d&rsquo;intervention int\u00e9gr\u00e9e : le programme Sant\u00e9 mentale et d\u00e9pendance de Portage<\/h2>\n<p>&nbsp;<\/p>\n<p>Face \u00e0 la r\u00e9alit\u00e9 complexe des troubles concomitants, <a href=\"https:\/\/portage.ca\/fr\/quebec\/sante-mentale-et-dependance\/\">le programme Sant\u00e9 mentale et d\u00e9pendance<\/a> de Portage constitue une r\u00e9ponse concr\u00e8te et int\u00e9gr\u00e9e aux besoins des personnes vivant avec cette double probl\u00e9matique. Pens\u00e9 pour r\u00e9duire les \u00e9carts entre la sant\u00e9 mentale et les d\u00e9pendances, le programme r\u00e9sidentiel mise sur une approche globale et humaine.<\/p>\n<p>\u00c0 Portage, les usagers b\u00e9n\u00e9ficient d&rsquo;un encadrement th\u00e9rapeutique structur\u00e9, fond\u00e9 sur une approche multidimensionnelle qui prend en compte l&rsquo;ensemble de leur r\u00e9alit\u00e9 : les sympt\u00f4mes psychiques, la consommation, le parcours de vie, les forces, les besoins, les traumatismes et les objectifs personnels.<\/p>\n<p>Concr\u00e8tement, le programme propose :<\/p>\n<ul>\n<li>Des sessions de th\u00e9rapies centr\u00e9es sur la compr\u00e9hension du lien entre sant\u00e9 mentale et consommation<\/li>\n<li>Des interventions cliniques pour stabiliser les troubles psychiques et favoriser la r\u00e9gulation \u00e9motionnelle<\/li>\n<li>Des ateliers de d\u00e9veloppement personnel, d&rsquo;estime de soi, de r\u00e9solution de conflits et de gestion du stress<\/li>\n<li>Un accompagnement vers la r\u00e9insertion sociale et la pr\u00e9paration au retour dans la communaut\u00e9.<\/li>\n<\/ul>\n<p>En offrant un cadre structur\u00e9 et bienveillant, le programme Sant\u00e9 mentale et d\u00e9pendance d\u00e9montre qu&rsquo;il est possible de r\u00e9pondre efficacement aux besoins complexes des personnes vivant avec un trouble concomitant. Ce mod\u00e8le, qui int\u00e8gre les diff\u00e9rentes dimensions du r\u00e9tablissement sous un m\u00eame toit, offre non seulement une stabilit\u00e9, mais aussi une vraie continuit\u00e9 dans l&rsquo;accompagnement.<\/p>\n<p>C&rsquo;est en multipliant ce type de services qu&rsquo;on peut esp\u00e9rer transformer un syst\u00e8me encore trop fragment\u00e9. Plut\u00f4t que de laisser les personnes naviguer seules dans un parcours d\u00e9cousu, nous avons collectivement la responsabilit\u00e9 de b\u00e2tir des ponts entre les services, pour que chaque porte qu&rsquo;elles poussent ouvre sur une vraie possibilit\u00e9 d&rsquo;aide.<\/p>\n<p>&nbsp;<\/p>\n<p><strong>Chez Portage, nous croyons que personne ne devrait affronter ces d\u00e9fis seul.<\/strong><\/p>\n<p>&nbsp;<\/p>\n<p>Si vous ou un proche vivez \u00e0 la fois des enjeux de sant\u00e9 mentale et de consommation, le programme Sant\u00e9 mentale et d\u00e9pendance peut vous aider.<\/p>\n<p>&nbsp;<\/p>\n<p><strong>Contactez-nous en toute confidentialit\u00e9.<\/strong><\/p>\n\t<p>Partagez cet article :<\/p>\n\t\t\t\t\t\t\t\t<a href=\"https:\/\/www.facebook.com\/sharer.php?u=https:\/\/portage.ca\/fr\/?p=43441&#038;fl_builder&#038;title=Les+troubles+concomitants+%3A+mieux+comprendre+pour+mieux+accompagner\">\n\t\t\t\t\t\t\t\t\t\t\t\tShare on Facebook\n\t\t\t\t\t\t\t\t\t<\/a>\n\t\t\t\t\t\t\t\t<a href=\"https:\/\/www.linkedin.com\/shareArticle?mini=true&#038;url=https:\/\/portage.ca\/fr\/?p=43441&#038;fl_builder&#038;title=Les+troubles+concomitants+%3A+mieux+comprendre+pour+mieux+accompagner\">\n\t\t\t\t\t\t\t\t\t\t\t\tShare on Linkedin\n\t\t\t\t\t\t\t\t\t<\/a>\n\n","protected":false},"excerpt":{"rendered":"<p>Les troubles concomitants repr\u00e9sentent l&rsquo;un des d\u00e9fis les plus complexes du syst\u00e8me de sant\u00e9. Lorsqu&rsquo;une personne pr\u00e9sente simultan\u00e9ment des probl\u00e8mes de sant\u00e9 mentale importants et une consommation de substances, elle se retrouve souvent prise dans un labyrinthe de services disjoints qui, paradoxalement, peuvent aggraver sa situation plut\u00f4t que l&rsquo;am\u00e9liorer. Qu&rsquo;est-ce qu&rsquo;un trouble concomitant ? &nbsp;&#8230;  <a href=\"https:\/\/portage.ca\/fr\/les-troubles-concomitants-mieux-comprendre-pour-mieux-accompagner\/\" class=\"more-link\" title=\"Read Les troubles concomitants : mieux comprendre pour mieux accompagner\">Read more &raquo;<\/a><\/p>\n","protected":false},"author":19,"featured_media":43442,"comment_status":"open","ping_status":"open","sticky":false,"template":"","format":"standard","meta":{"_acf_changed":false,"footnotes":"","_links_to":"","_links_to_target":""},"categories":[154],"tags":[283],"class_list":["post-43441","post","type-post","status-publish","format-standard","has-post-thumbnail","hentry","category-blogue","tag-sante-mentale"],"acf":[],"_links":{"self":[{"href":"https:\/\/portage.ca\/fr\/wp-json\/wp\/v2\/posts\/43441","targetHints":{"allow":["GET"]}}],"collection":[{"href":"https:\/\/portage.ca\/fr\/wp-json\/wp\/v2\/posts"}],"about":[{"href":"https:\/\/portage.ca\/fr\/wp-json\/wp\/v2\/types\/post"}],"author":[{"embeddable":true,"href":"https:\/\/portage.ca\/fr\/wp-json\/wp\/v2\/users\/19"}],"replies":[{"embeddable":true,"href":"https:\/\/portage.ca\/fr\/wp-json\/wp\/v2\/comments?post=43441"}],"version-history":[{"count":16,"href":"https:\/\/portage.ca\/fr\/wp-json\/wp\/v2\/posts\/43441\/revisions"}],"predecessor-version":[{"id":44695,"href":"https:\/\/portage.ca\/fr\/wp-json\/wp\/v2\/posts\/43441\/revisions\/44695"}],"wp:featuredmedia":[{"embeddable":true,"href":"https:\/\/portage.ca\/fr\/wp-json\/wp\/v2\/media\/43442"}],"wp:attachment":[{"href":"https:\/\/portage.ca\/fr\/wp-json\/wp\/v2\/media?parent=43441"}],"wp:term":[{"taxonomy":"category","embeddable":true,"href":"https:\/\/portage.ca\/fr\/wp-json\/wp\/v2\/categories?post=43441"},{"taxonomy":"post_tag","embeddable":true,"href":"https:\/\/portage.ca\/fr\/wp-json\/wp\/v2\/tags?post=43441"}],"curies":[{"name":"wp","href":"https:\/\/api.w.org\/{rel}","templated":true}]}}