{"id":43400,"date":"2025-06-25T10:03:36","date_gmt":"2025-06-25T15:03:36","guid":{"rendered":"https:\/\/portage.ca\/?p=43400"},"modified":"2025-08-04T13:45:35","modified_gmt":"2025-08-04T18:45:35","slug":"limportance-du-programme-postcure-ma-force-apres-portage","status":"publish","type":"post","link":"https:\/\/portage.ca\/fr\/limportance-du-programme-postcure-ma-force-apres-portage\/","title":{"rendered":"L\u2019importance du programme postcure : ma force apr\u00e8s Portage"},"content":{"rendered":"\r\n<p class=\"lead\">Je m&rsquo;appelle Genevi\u00e8ve, j&rsquo;ai 51 ans, et je suis une ancienne toxicomane et alcoolique<strong>*<\/strong>.<\/p>\r\n<p>Le 21 mai 2023, j&rsquo;ai pris la d\u00e9cision de me reprendre en main. Je suis d&rsquo;abord all\u00e9e au centre de jour de Portage, o\u00f9 je suis rest\u00e9e jusqu&rsquo;au 6 juin 2023. L\u00e0-bas, j&rsquo;ai rencontr\u00e9 des gens qui, comme moi, vivaient des circonstances difficiles.<\/p>\r\n<p>Le 6 juin, j&rsquo;ai entam\u00e9 mon programme r\u00e9sidentiel. Apr\u00e8s 7 mois et 17 jours, j&rsquo;en suis ressortie avec des outils, des r\u00eaves, des amies\u2026 et des souvenirs plein la t\u00eate.<\/p>\r\n<p>Mais la r\u00e9alit\u00e9 apr\u00e8s Portage, c&rsquo;est qu&rsquo;on se retrouve souvent seul.e. C&rsquo;est pour \u00e7a que<a href=\"https:\/\/portage.ca\/fr\/services\/post-traitement\/\"> le programme postcure<\/a> est si important. J&rsquo;y retrouve mes s\u0153urs de th\u00e9rapie, des hommes que j&rsquo;ai c\u00f4toy\u00e9s au centre de jour. Tous l\u00e0 pour me soutenir, me conseiller, m&rsquo;\u00e9couter quand j&rsquo;ai de la peine.<\/p>\r\n<p>On parle des vraies choses. Ce groupe, c&rsquo;est mon lien le plus pr\u00e9cieux depuis ma sortie <em>[de th\u00e9rapie]<\/em>.<\/p>\r\n<p>J&rsquo;ai aussi mon intervenant, toujours pr\u00e9sent.<\/p>\r\n<p>Je fais partie d&rsquo;une famille, et \u00e7a m&rsquo;aide beaucoup.<\/p>\r\n<p>Je suis fi\u00e8re de ce que nous sommes devenus.<\/p>\r\n<p>Voil\u00e0 pourquoi le programme postcure est essentiel : il me rend plus forte pour rester sur le bon chemin.<\/p>\r\n<p>&nbsp;<\/p>\r\n<p><strong>Genevi\u00e8ve, programme pour adultes Lac \u00c9cho, 2023<\/strong><\/p>\r\n<p><strong>\u00a0<\/strong><\/p>\r\n<p><strong>* <\/strong>Les termes \u00ab\u00a0toxicomane\u00a0\u00bb et \u00ab\u00a0alcoolique\u00a0\u00bb sont ici utilis\u00e9s par Genevi\u00e8ve avec fiert\u00e9. Nos r\u00e9sidents se les r\u00e9approprient pour nommer leur v\u00e9cu, reconna\u00eetre leur parcours et affirmer leur force dans le processus de r\u00e9tablissement.<\/p>\r\n<p>Partagez cet article :<\/p>\r\n<p><a href=\"https:\/\/www.facebook.com\/sharer.php?u=https:\/\/portage.ca\/fr\/?p=43400&amp;fl_builder&amp;title=L%E2%80%99importance+du+programme+postcure+%3A+ma+force+apr%C3%A8s+Portage\"> Share on Facebook <\/a> <a href=\"https:\/\/www.linkedin.com\/shareArticle?mini=true&amp;url=https:\/\/portage.ca\/fr\/?p=43400&amp;fl_builder&amp;title=L%E2%80%99importance+du+programme+postcure+%3A+ma+force+apr%C3%A8s+Portage\"> Share on Linkedin <\/a><\/p>\r\n","protected":false},"excerpt":{"rendered":"<p>Je m&rsquo;appelle Genevi\u00e8ve, j&rsquo;ai 51 ans, et je suis une ancienne toxicomane et alcoolique*. Le 21 mai 2023, j&rsquo;ai pris la d\u00e9cision de me reprendre en main. Je suis d&rsquo;abord all\u00e9e au centre de jour de Portage, o\u00f9 je suis rest\u00e9e jusqu&rsquo;au 6 juin 2023. L\u00e0-bas, j&rsquo;ai rencontr\u00e9 des gens qui, comme moi, vivaient des&#8230;  <a href=\"https:\/\/portage.ca\/fr\/limportance-du-programme-postcure-ma-force-apres-portage\/\" class=\"more-link\" title=\"Read L\u2019importance du programme postcure : ma force apr\u00e8s Portage\">Read more &raquo;<\/a><\/p>\n","protected":false},"author":19,"featured_media":43408,"comment_status":"open","ping_status":"open","sticky":false,"template":"","format":"standard","meta":{"_acf_changed":false,"footnotes":"","_links_to":"","_links_to_target":""},"categories":[365],"tags":[345],"class_list":["post-43400","post","type-post","status-publish","format-standard","has-post-thumbnail","hentry","category-temoignage","tag-reinsertion-sociale"],"acf":[],"_links":{"self":[{"href":"https:\/\/portage.ca\/fr\/wp-json\/wp\/v2\/posts\/43400","targetHints":{"allow":["GET"]}}],"collection":[{"href":"https:\/\/portage.ca\/fr\/wp-json\/wp\/v2\/posts"}],"about":[{"href":"https:\/\/portage.ca\/fr\/wp-json\/wp\/v2\/types\/post"}],"author":[{"embeddable":true,"href":"https:\/\/portage.ca\/fr\/wp-json\/wp\/v2\/users\/19"}],"replies":[{"embeddable":true,"href":"https:\/\/portage.ca\/fr\/wp-json\/wp\/v2\/comments?post=43400"}],"version-history":[{"count":4,"href":"https:\/\/portage.ca\/fr\/wp-json\/wp\/v2\/posts\/43400\/revisions"}],"predecessor-version":[{"id":43419,"href":"https:\/\/portage.ca\/fr\/wp-json\/wp\/v2\/posts\/43400\/revisions\/43419"}],"wp:featuredmedia":[{"embeddable":true,"href":"https:\/\/portage.ca\/fr\/wp-json\/wp\/v2\/media\/43408"}],"wp:attachment":[{"href":"https:\/\/portage.ca\/fr\/wp-json\/wp\/v2\/media?parent=43400"}],"wp:term":[{"taxonomy":"category","embeddable":true,"href":"https:\/\/portage.ca\/fr\/wp-json\/wp\/v2\/categories?post=43400"},{"taxonomy":"post_tag","embeddable":true,"href":"https:\/\/portage.ca\/fr\/wp-json\/wp\/v2\/tags?post=43400"}],"curies":[{"name":"wp","href":"https:\/\/api.w.org\/{rel}","templated":true}]}}