{"id":41912,"date":"2025-02-06T12:27:17","date_gmt":"2025-02-06T17:27:17","guid":{"rendered":"https:\/\/portage.ca\/?p=41912"},"modified":"2025-08-12T13:09:51","modified_gmt":"2025-08-12T18:09:51","slug":"le-centre-de-formation-a-lemploi-a-transforme-ma-carriere-professionnelle","status":"publish","type":"post","link":"https:\/\/portage.ca\/fr\/le-centre-de-formation-a-lemploi-a-transforme-ma-carriere-professionnelle\/","title":{"rendered":"Le Centre de formation \u00e0 l&#8217;emploi a transform\u00e9 ma carri\u00e8re professionnelle"},"content":{"rendered":"\n\n\t<p class=\"lead\">Ayant seulement un secondaire 4, j&rsquo;ai travaill\u00e9 pour un salaire minimal pendant des ann\u00e9es et j&rsquo;ai appris sur le tas comme on dit. Je n&rsquo;ai pas toujours \u00e9t\u00e9 \u00e0 l&rsquo;\u00e9coute des opportunit\u00e9s que la vie m&rsquo;offrait et, disons-le, j&rsquo;ai mang\u00e9 mes bas longtemps.<\/p>\n<p>J&rsquo;ai \u00e9volu\u00e9 au sein de plusieurs entreprises dont une en particulier qui a reconnu mon talent et o\u00f9 je me suis \u00e9panouie pendant huit ans. Cependant, j&rsquo;avais le syndrome de l&rsquo;imposteur. Ce sentiment d&rsquo;incomp\u00e9tence et de doute en ma personne et mes comp\u00e9tences m&rsquo;habitait constamment et ce, malgr\u00e9 les succ\u00e8s professionnels. Je travaillais deux fois plus fort pour apprendre et acquitter mes t\u00e2ches. J&rsquo;ai ramen\u00e9 bien du travail \u00e0 la maison pour respecter les \u00e9ch\u00e9ances. J&rsquo;ai quand m\u00eame r\u00e9ussi \u00e0 \u00e9voluer suffisamment pour viser les postes sup\u00e9rieurs. Cependant, ils demandaient tous des dipl\u00f4mes. Les possibilit\u00e9s d&rsquo;avancement s&rsquo;arr\u00eataient l\u00e0 pour moi.<\/p>\n<p>\u00c0 43 ans, suite \u00e0 un tr\u00e8s long cong\u00e9 de d\u00e9tresse psychologique et de remises en question, la vie a plac\u00e9 sur ma route une personne qui m&rsquo;a parl\u00e9 d&rsquo;un programme qui s&rsquo;appliquait exactement \u00e0 ma situation. J&rsquo;ai appel\u00e9 et on m&rsquo;a donn\u00e9 ma place au <a href=\"https:\/\/portage.ca\/fr\/quebec\/centre-formation-emploi\/\">Centre de formation \u00e0 l&#8217;emploi Qu\u00e9bec<\/a> de Portage en collaboration avec Services Qu\u00e9bec.<\/p>\n<p>Un an et demi plus tard, je sors de l&rsquo;\u00e9cole avec un double DEP en poche. Je peux maintenant continuer mon \u00e9volution dans mon domaine et viser les postes que je ne pouvais pas atteindre auparavant. Dans deux semaines, je commence un nouvel emploi avec d&rsquo;excellents avantages sociaux et qui me permettra de doubler mon salaire pr\u00e9c\u00e9dent. Je pr\u00e9vois de finir ma carri\u00e8re \u00e0 cet endroit car les possibilit\u00e9s d&rsquo;avancement sont grandes. Un an et demi de sacrifices qui va me rapporter beaucoup plus et \u00e0 plusieurs niveaux.<\/p>\n<p>Fini le sentiment de l&rsquo;imposteur, fini le temps suppl\u00e9mentaire gratuit pour y arriver et surtout : J&rsquo;accueille cette nouvelle confiance en moi!<\/p>\n<p>Merci \u00e0 la personne de m&rsquo;avoir parl\u00e9 du programme, merci Portage d&rsquo;avoir cru en moi et merci Services Qu\u00e9bec pour le financement.<\/p>\n<p>&nbsp;<\/p>\n<p><strong>Cindy, Centre de formation \u00e0 l&#8217;emploi, Qu\u00e9bec<\/strong><\/p>\n\t<p>Partagez cet article :<\/p>\n\t\t\t\t\t\t\t\t<a href=\"https:\/\/www.facebook.com\/sharer.php?u=https:\/\/portage.ca\/fr\/?p=41912&#038;fl_builder&#038;title=Le+Centre+de+formation+%C3%A0+l%26%238217%3Bemploi+a+transform%C3%A9+ma+carri%C3%A8re+professionnelle\">\n\t\t\t\t\t\t\t\t\t\t\t\tShare on Facebook\n\t\t\t\t\t\t\t\t\t<\/a>\n\t\t\t\t\t\t\t\t<a href=\"https:\/\/www.linkedin.com\/shareArticle?mini=true&#038;url=https:\/\/portage.ca\/fr\/?p=41912&#038;fl_builder&#038;title=Le+Centre+de+formation+%C3%A0+l%26%238217%3Bemploi+a+transform%C3%A9+ma+carri%C3%A8re+professionnelle\">\n\t\t\t\t\t\t\t\t\t\t\t\tShare on Linkedin\n\t\t\t\t\t\t\t\t\t<\/a>\n\n","protected":false},"excerpt":{"rendered":"<p>Ayant seulement un secondaire 4, j&rsquo;ai travaill\u00e9 pour un salaire minimal pendant des ann\u00e9es et j&rsquo;ai appris sur le tas comme on dit. Je n&rsquo;ai pas toujours \u00e9t\u00e9 \u00e0 l&rsquo;\u00e9coute des opportunit\u00e9s que la vie m&rsquo;offrait et, disons-le, j&rsquo;ai mang\u00e9 mes bas longtemps. J&rsquo;ai \u00e9volu\u00e9 au sein de plusieurs entreprises dont une en particulier qui&#8230;  <a href=\"https:\/\/portage.ca\/fr\/le-centre-de-formation-a-lemploi-a-transforme-ma-carriere-professionnelle\/\" class=\"more-link\" title=\"Read Le Centre de formation \u00e0 l&#8217;emploi a transform\u00e9 ma carri\u00e8re professionnelle\">Read more &raquo;<\/a><\/p>\n","protected":false},"author":19,"featured_media":41913,"comment_status":"open","ping_status":"open","sticky":false,"template":"","format":"standard","meta":{"_acf_changed":false,"footnotes":"","_links_to":"","_links_to_target":""},"categories":[365],"tags":[],"class_list":["post-41912","post","type-post","status-publish","format-standard","has-post-thumbnail","hentry","category-temoignage"],"acf":[],"_links":{"self":[{"href":"https:\/\/portage.ca\/fr\/wp-json\/wp\/v2\/posts\/41912","targetHints":{"allow":["GET"]}}],"collection":[{"href":"https:\/\/portage.ca\/fr\/wp-json\/wp\/v2\/posts"}],"about":[{"href":"https:\/\/portage.ca\/fr\/wp-json\/wp\/v2\/types\/post"}],"author":[{"embeddable":true,"href":"https:\/\/portage.ca\/fr\/wp-json\/wp\/v2\/users\/19"}],"replies":[{"embeddable":true,"href":"https:\/\/portage.ca\/fr\/wp-json\/wp\/v2\/comments?post=41912"}],"version-history":[{"count":4,"href":"https:\/\/portage.ca\/fr\/wp-json\/wp\/v2\/posts\/41912\/revisions"}],"predecessor-version":[{"id":44963,"href":"https:\/\/portage.ca\/fr\/wp-json\/wp\/v2\/posts\/41912\/revisions\/44963"}],"wp:featuredmedia":[{"embeddable":true,"href":"https:\/\/portage.ca\/fr\/wp-json\/wp\/v2\/media\/41913"}],"wp:attachment":[{"href":"https:\/\/portage.ca\/fr\/wp-json\/wp\/v2\/media?parent=41912"}],"wp:term":[{"taxonomy":"category","embeddable":true,"href":"https:\/\/portage.ca\/fr\/wp-json\/wp\/v2\/categories?post=41912"},{"taxonomy":"post_tag","embeddable":true,"href":"https:\/\/portage.ca\/fr\/wp-json\/wp\/v2\/tags?post=41912"}],"curies":[{"name":"wp","href":"https:\/\/api.w.org\/{rel}","templated":true}]}}