{"id":41768,"date":"2025-01-22T08:54:02","date_gmt":"2025-01-22T13:54:02","guid":{"rendered":"https:\/\/portage.ca\/?p=41768"},"modified":"2025-08-04T13:23:28","modified_gmt":"2025-08-04T18:23:28","slug":"bell-cause-pour-la-cause-2025-la-sante-mentale-des-jeunes-une-priorite","status":"publish","type":"post","link":"https:\/\/portage.ca\/fr\/bell-cause-pour-la-cause-2025-la-sante-mentale-des-jeunes-une-priorite\/","title":{"rendered":"Bell Cause pour la cause 2025 : La sant\u00e9 mentale des jeunes, une priorit\u00e9"},"content":{"rendered":"\r\n<p class=\"lead\">Bien que les conversations sur la sant\u00e9 mentale aient consid\u00e9rablement \u00e9volu\u00e9 au cours des derni\u00e8res d\u00e9cennies, il reste encore beaucoup \u00e0 faire. Selon l&rsquo;<a href=\"https:\/\/cmha.ca\/fr\/trouver-de-linfo\/sante-mentale\/info-generale\/faits-saillants\/\">Association canadienne pour la sant\u00e9 mentale, un Canadien sur cinq est touch\u00e9 par un probl\u00e8me ou une maladie de sant\u00e9 mentale chaque ann\u00e9e<\/a>, les jeunes \u00e9tant particuli\u00e8rement vuln\u00e9rables. Au Canada, <strong><em>1,25 million de jeunes ont besoin de soutien en sant\u00e9 mentale<\/em><\/strong>. Lorsque les probl\u00e8mes pr\u00e9coces comme l&rsquo;anxi\u00e9t\u00e9 ou la d\u00e9pression ne sont pas trait\u00e9s, ils s&rsquo;aggravent souvent, menant \u00e0 des habitudes nuisibles comme la consommation de substances.<\/p>\r\n<p>&nbsp;<\/p>\r\n<h2>Bell Cause pour la cause appelle \u00e0 l&rsquo;action<\/h2>\r\n<p>Aujourd&rsquo;hui, \u00e0 l&rsquo;occasion de la Journ\u00e9e Bell Cause pour la cause, l&rsquo;entreprise Bell met l&rsquo;accent sur le soutien \u00e0 la sant\u00e9 mentale des jeunes. Cette journ\u00e9e vise \u00e0 sensibiliser la population \u00e0 l&rsquo;importance de la sant\u00e9 mentale et \u00e0 recueillir des fonds pour des initiatives dans ce domaine. En ciblant sp\u00e9cifiquement les jeunes cette ann\u00e9e, Bell souhaite attirer l&rsquo;attention sur les d\u00e9fis particuliers auxquels ils font face et l&rsquo;urgence d&rsquo;agir t\u00f4t pour pr\u00e9venir l&rsquo;aggravation des probl\u00e8mes.<\/p>\r\n<p>Des \u00e9tudes r\u00e9centes d\u00e9montrent que <a href=\"https:\/\/ymhc.ngo\/fr\/blogs\/ymhc-blog\/youth-mental-health-reality-the-difference-we-can-make?srsltid=AfmBOooEx2TU-NsPbgK1Rb1Sj5rbVKtC7ApRSqJOy_YjTJAqkPqys440\">70 % des probl\u00e8mes de sant\u00e9 mentale commencent \u00e0 l&rsquo;adolescence<\/a>, pourtant de nombreux jeunes attendent entre 6 et 8 ans avant de chercher de l&rsquo;aide. \u00c0 Portage, nous savons que ce d\u00e9lai peut empirer la situation et parfois mener \u00e0 des probl\u00e8mes de consommation plus tard. L&rsquo;objectif de Bell Cause pour la cause s&rsquo;aligne parfaitement avec notre mission : les jeunes ont besoin de soutien maintenant, pas des ann\u00e9es plus tard lorsque les d\u00e9fis se seront amplifi\u00e9s.<\/p>\r\n<p>&nbsp;<\/p>\r\n<h2>L&rsquo;approche de Portage<\/h2>\r\n<p>Les programmes pour adolescents et jeunes adultes de Portage r\u00e9pondent aux d\u00e9fis particuliers auxquels sont confront\u00e9s les jeunes d&rsquo;aujourd&rsquo;hui. Ils se distinguent par une approche o\u00f9 le r\u00e9tablissement ne se limite pas \u00e0 un traitement ponctuel, mais consid\u00e8rent tous les aspects de la vie du jeune pour assurer son bien-\u00eatre \u00e0 long terme sans recourir \u00e0 la consommation. Cette approche th\u00e9rapeutique, qui reconna\u00eet le lien \u00e9troit entre sant\u00e9 mentale et consommation, permet une intervention simultan\u00e9e sur ces deux aspects.<\/p>\r\n<p>Durant leur th\u00e9rapie, les jeunes d\u00e9couvrent une communaut\u00e9 qui les comprend r\u00e9ellement et qui les accompagne dans leur cheminement. Les programmes offrent une approche th\u00e9rapeutique compl\u00e8te et des outils pratiques (validation des \u00e9motions, gestion du stress et de l&rsquo;anxi\u00e9t\u00e9, communication interpersonnelle, r\u00e9solution de conflits, etc.). Les groupes de soutien quotidiens permettent aux jeunes de partager leurs exp\u00e9riences avec des pairs qui comprennent leur parcours, cr\u00e9ant des liens durables. Ils d\u00e9veloppent les comp\u00e9tences essentielles \u00e0 leur r\u00e9tablissement et leur \u00e9panouissement, <a href=\"https:\/\/portage.ca\/fr\/le-programme-scolaire-integre-de-portage-apprendre-tout-en-se-retablissant\/\">tout en poursuivant leur parcours scolaire<\/a>.<\/p>\r\n<p>&nbsp;<\/p>\r\n<h2>Un impact concret<\/h2>\r\n<p>L&rsquo;impact des programmes se refl\u00e8te dans le parcours de nos finissants. Prenons l&rsquo;exemple de Kaos, arriv\u00e9 \u00e0 Portage Atlantique \u00e0 Cassidy Lake avec une anxi\u00e9t\u00e9 s\u00e9v\u00e8re et des probl\u00e8mes de consommation. Il a non seulement travaill\u00e9 sur sa sant\u00e9 mentale et les raisons de sa consommation, mais a repris le contr\u00f4le de sa vie. Gr\u00e2ce au soutien th\u00e9rapeutique et \u00e0 l&rsquo;encouragement de ses pairs, il a acquis la confiance n\u00e9cessaire pour compl\u00e9ter le programme pour ensuite devenir un membre engag\u00e9 de l&rsquo;\u00e9quipe de Portage Atlantique.<\/p>\r\n<p><a href=\"https:\/\/portage.ca\/en\/all-it-takes-is-an-open-mind-and-one-foot-in-the-door\/\">Des histoires comme celle de Kaos<\/a> ne sont pas des cas isol\u00e9s &#8211; elles t\u00e9moignent de l&rsquo;engagement de Portage \u00e0 am\u00e9liorer la sant\u00e9 mentale et \u00e0 r\u00e9pondre aux d\u00e9fis de consommation qui affectent tant de jeunes aujourd&rsquo;hui.<\/p>\r\n<p>&nbsp;<\/p>\r\n<p>Pour en savoir plus sur la campagne Bell Cause pour la cause 2025, visitez : <a href=\"https:\/\/cause.bell.ca\/\">https:\/\/cause.bell.ca\/<\/a><\/p>\r\n<p>Partagez cet article :<\/p>\r\n<p><a href=\"https:\/\/www.facebook.com\/sharer.php?u=https:\/\/portage.ca\/fr\/?p=41768&amp;fl_builder&amp;title=Bell+Cause+pour+la+cause+2025+%3A+La+sant%C3%A9+mentale+des+jeunes%2C+une+priorit%C3%A9\"> Share on Facebook <\/a> <a href=\"https:\/\/www.linkedin.com\/shareArticle?mini=true&amp;url=https:\/\/portage.ca\/fr\/?p=41768&amp;fl_builder&amp;title=Bell+Cause+pour+la+cause+2025+%3A+La+sant%C3%A9+mentale+des+jeunes%2C+une+priorit%C3%A9\"> Share on Linkedin <\/a><\/p>\r\n","protected":false},"excerpt":{"rendered":"<p>Bien que les conversations sur la sant\u00e9 mentale aient consid\u00e9rablement \u00e9volu\u00e9 au cours des derni\u00e8res d\u00e9cennies, il reste encore beaucoup \u00e0 faire. Selon l&rsquo;Association canadienne pour la sant\u00e9 mentale, un Canadien sur cinq est touch\u00e9 par un probl\u00e8me ou une maladie de sant\u00e9 mentale chaque ann\u00e9e, les jeunes \u00e9tant particuli\u00e8rement vuln\u00e9rables. Au Canada, 1,25 million&#8230;  <a href=\"https:\/\/portage.ca\/fr\/bell-cause-pour-la-cause-2025-la-sante-mentale-des-jeunes-une-priorite\/\" class=\"more-link\" title=\"Read Bell Cause pour la cause 2025 : La sant\u00e9 mentale des jeunes, une priorit\u00e9\">Read more &raquo;<\/a><\/p>\n","protected":false},"author":19,"featured_media":41861,"comment_status":"open","ping_status":"open","sticky":false,"template":"","format":"standard","meta":{"_acf_changed":false,"footnotes":"","_links_to":"","_links_to_target":""},"categories":[154],"tags":[181,283],"class_list":["post-41768","post","type-post","status-publish","format-standard","has-post-thumbnail","hentry","category-blogue","tag-adolescents-fr","tag-sante-mentale"],"acf":[],"_links":{"self":[{"href":"https:\/\/portage.ca\/fr\/wp-json\/wp\/v2\/posts\/41768","targetHints":{"allow":["GET"]}}],"collection":[{"href":"https:\/\/portage.ca\/fr\/wp-json\/wp\/v2\/posts"}],"about":[{"href":"https:\/\/portage.ca\/fr\/wp-json\/wp\/v2\/types\/post"}],"author":[{"embeddable":true,"href":"https:\/\/portage.ca\/fr\/wp-json\/wp\/v2\/users\/19"}],"replies":[{"embeddable":true,"href":"https:\/\/portage.ca\/fr\/wp-json\/wp\/v2\/comments?post=41768"}],"version-history":[{"count":5,"href":"https:\/\/portage.ca\/fr\/wp-json\/wp\/v2\/posts\/41768\/revisions"}],"predecessor-version":[{"id":41863,"href":"https:\/\/portage.ca\/fr\/wp-json\/wp\/v2\/posts\/41768\/revisions\/41863"}],"wp:featuredmedia":[{"embeddable":true,"href":"https:\/\/portage.ca\/fr\/wp-json\/wp\/v2\/media\/41861"}],"wp:attachment":[{"href":"https:\/\/portage.ca\/fr\/wp-json\/wp\/v2\/media?parent=41768"}],"wp:term":[{"taxonomy":"category","embeddable":true,"href":"https:\/\/portage.ca\/fr\/wp-json\/wp\/v2\/categories?post=41768"},{"taxonomy":"post_tag","embeddable":true,"href":"https:\/\/portage.ca\/fr\/wp-json\/wp\/v2\/tags?post=41768"}],"curies":[{"name":"wp","href":"https:\/\/api.w.org\/{rel}","templated":true}]}}