{"id":40673,"date":"2024-08-22T14:43:32","date_gmt":"2024-08-22T19:43:32","guid":{"rendered":"https:\/\/portage.ca\/?p=40673"},"modified":"2025-03-24T13:35:06","modified_gmt":"2025-03-24T18:35:06","slug":"a-la-decouverte-du-monde-microscopique-avec-eric-lecuyer","status":"publish","type":"post","link":"https:\/\/portage.ca\/fr\/a-la-decouverte-du-monde-microscopique-avec-eric-lecuyer\/","title":{"rendered":"\u00c0 la d\u00e9couverte du monde microscopique avec \u00c9ric L\u00e9cuyer"},"content":{"rendered":"\n\n\t<p class=\"lead\">Le 18 juillet dernier, les adolescents et jeunes adultes du programme en r\u00e9adaptation en toxicomanie de Portage au Lac \u00c9cho ont re\u00e7u la visite sp\u00e9ciale d&rsquo;<a href=\"https:\/\/www.linkedin.com\/in\/eric-lecuyer-0624b0235\/\">Eric L\u00e9cuyer<\/a>, directeur, unit\u00e9 de recherche en biologie des ARN de <a href=\"https:\/\/www.ircm.qc.ca\/fr\/\">l&rsquo;Institut de recherches cliniques de Montr\u00e9al (IRCM)<\/a>.<\/p>\n<p>Monsieur L\u00e9cuyer a offert aux jeunes une activit\u00e9 d&rsquo;exploration scientifique leur permettant de d\u00e9couvrir l&rsquo;univers fascinant du monde des micro-organismes qui nous entourent.<\/p>\n<p>La journ\u00e9e a d\u00e9but\u00e9 par une pr\u00e9sentation th\u00e9orique de diverses notions scientifiques. Les participants pouvaient prendre des notes dans le livret souvenir distribu\u00e9 pour l&rsquo;occasion et y dessiner leurs observations. Par la suite, ils ont r\u00e9colt\u00e9 des \u00e9chantillons sur <a href=\"https:\/\/portage.ca\/fr\/quebec\/programme-adolescents-francais-ouest\/\">le terrain de Portage<\/a> et observ\u00e9 la diversit\u00e9 fascinante de ces organismes et leurs comportements \u00e0 l&rsquo;aide de microscopes.<\/p>\n<p>Ponctu\u00e9e par une pause d\u00eener-pizza toujours tr\u00e8s appr\u00e9ci\u00e9e des jeunes, ceux-ci ont poursuivi avec grand int\u00e9r\u00eat leurs d\u00e9couvertes au cours de l&rsquo;apr\u00e8s-midi. Ils garderont un excellent souvenir de cette exp\u00e9rience enrichissante qui restera grav\u00e9e dans leur m\u00e9moire.<\/p>\n<p>Nous remercions vivement Monsieur L\u00e9cuyer, ainsi que ces deux accompagnatrices, Maroua Ait El Baz, \u00e9tudiante bioinformatique \u00e0 <a href=\"https:\/\/www.umontreal.ca\/\">l&rsquo;Universit\u00e9 de Montr\u00e9al<\/a> et <a href=\"https:\/\/www.linkedin.com\/in\/%C3%A9lissya-l%C3%A9cuyer-6b2b32144\/\">Elissya L\u00e9cuyer<\/a>, r\u00e9dactrice s\u00e9nior, <a href=\"https:\/\/www.ubiweb.ca\/\">Ubiweb<\/a> pour cette dynamique initiative des plus int\u00e9ressantes.<\/p>\n\t<p>Partagez cet article :<\/p>\n\t\t\t\t\t\t\t\t<a href=\"https:\/\/www.facebook.com\/sharer.php?u=https:\/\/portage.ca\/fr\/?p=40673&#038;fl_builder&#038;title=%C3%80+la+d%C3%A9couverte+du+monde+microscopique+avec+%C3%89ric+L%C3%A9cuyer\">\n\t\t\t\t\t\t\t\t\t\t\t\tShare on Facebook\n\t\t\t\t\t\t\t\t\t<\/a>\n\t\t\t\t\t\t\t\t<a href=\"https:\/\/www.linkedin.com\/shareArticle?mini=true&#038;url=https:\/\/portage.ca\/fr\/?p=40673&#038;fl_builder&#038;title=%C3%80+la+d%C3%A9couverte+du+monde+microscopique+avec+%C3%89ric+L%C3%A9cuyer\">\n\t\t\t\t\t\t\t\t\t\t\t\tShare on Linkedin\n\t\t\t\t\t\t\t\t\t<\/a>\n\n","protected":false},"excerpt":{"rendered":"<p>Le 18 juillet dernier, les adolescents et jeunes adultes du programme en r\u00e9adaptation en toxicomanie de Portage au Lac \u00c9cho ont re\u00e7u la visite sp\u00e9ciale d&rsquo;Eric L\u00e9cuyer, directeur, unit\u00e9 de recherche en biologie des ARN de l&rsquo;Institut de recherches cliniques de Montr\u00e9al (IRCM). Monsieur L\u00e9cuyer a offert aux jeunes une activit\u00e9 d&rsquo;exploration scientifique leur permettant&#8230;  <a href=\"https:\/\/portage.ca\/fr\/a-la-decouverte-du-monde-microscopique-avec-eric-lecuyer\/\" class=\"more-link\" title=\"Read \u00c0 la d\u00e9couverte du monde microscopique avec \u00c9ric L\u00e9cuyer\">Read more &raquo;<\/a><\/p>\n","protected":false},"author":19,"featured_media":40674,"comment_status":"open","ping_status":"open","sticky":false,"template":"","format":"standard","meta":{"_acf_changed":false,"footnotes":"","_links_to":"","_links_to_target":""},"categories":[3,13],"tags":[],"class_list":["post-40673","post","type-post","status-publish","format-standard","has-post-thumbnail","hentry","category-nouvelles","category-nouvelles-fondation-quebec"],"acf":[],"_links":{"self":[{"href":"https:\/\/portage.ca\/fr\/wp-json\/wp\/v2\/posts\/40673","targetHints":{"allow":["GET"]}}],"collection":[{"href":"https:\/\/portage.ca\/fr\/wp-json\/wp\/v2\/posts"}],"about":[{"href":"https:\/\/portage.ca\/fr\/wp-json\/wp\/v2\/types\/post"}],"author":[{"embeddable":true,"href":"https:\/\/portage.ca\/fr\/wp-json\/wp\/v2\/users\/19"}],"replies":[{"embeddable":true,"href":"https:\/\/portage.ca\/fr\/wp-json\/wp\/v2\/comments?post=40673"}],"version-history":[{"count":7,"href":"https:\/\/portage.ca\/fr\/wp-json\/wp\/v2\/posts\/40673\/revisions"}],"predecessor-version":[{"id":42450,"href":"https:\/\/portage.ca\/fr\/wp-json\/wp\/v2\/posts\/40673\/revisions\/42450"}],"wp:featuredmedia":[{"embeddable":true,"href":"https:\/\/portage.ca\/fr\/wp-json\/wp\/v2\/media\/40674"}],"wp:attachment":[{"href":"https:\/\/portage.ca\/fr\/wp-json\/wp\/v2\/media?parent=40673"}],"wp:term":[{"taxonomy":"category","embeddable":true,"href":"https:\/\/portage.ca\/fr\/wp-json\/wp\/v2\/categories?post=40673"},{"taxonomy":"post_tag","embeddable":true,"href":"https:\/\/portage.ca\/fr\/wp-json\/wp\/v2\/tags?post=40673"}],"curies":[{"name":"wp","href":"https:\/\/api.w.org\/{rel}","templated":true}]}}