{"id":39798,"date":"2024-03-18T13:23:38","date_gmt":"2024-03-18T18:23:38","guid":{"rendered":"https:\/\/portage.ca\/communique-de-presse-portage-inaugure-la-garderie-ribambelle-montreal-premiere-garderie-subventionnee-de-lorganisation\/"},"modified":"2024-04-10T13:32:05","modified_gmt":"2024-04-10T18:32:05","slug":"communique-de-presse-portage-inaugure-la-garderie-ribambelle-montreal-premiere-garderie-subventionnee-de-lorganisation","status":"publish","type":"post","link":"https:\/\/portage.ca\/fr\/communique-de-presse-portage-inaugure-la-garderie-ribambelle-montreal-premiere-garderie-subventionnee-de-lorganisation\/","title":{"rendered":"Communiqu\u00e9 de presse &#8211; Portage inaugure la Garderie Ribambelle Montr\u00e9al, premi\u00e8re garderie subventionn\u00e9e de l\u2019organisation"},"content":{"rendered":"\n\n\t<p class=\"lead\"><strong>Montr\u00e9al, le 18 mars 2024<\/strong> &#8211; Portage annonce aujourd&rsquo;hui l&rsquo;inauguration de la <a href=\"https:\/\/portage.ca\/fr\/quebec\/mere-enfant\/service-garde\/\">Garderie Ribambelle Montr\u00e9al<\/a>, sa premi\u00e8re garderie \u00e0 Montr\u00e9al, subventionn\u00e9e par le minist\u00e8re de la Famille. Situ\u00e9e dans les locaux du <a href=\"https:\/\/portage.ca\/fr\/quebec\/mere-enfant\/\">centre M\u00e8re-enfant<\/a>, au c\u0153ur du quartier de Griffintown, la garderie permet d&rsquo;accueillir 38 enfants, dont 20 poupons, sous la supervision d&rsquo;une \u00e9quipe de professionnels passionn\u00e9s et d\u00e9vou\u00e9s \u00e0 assurer leur bien-\u00eatre. Ce nouveau mod\u00e8le innovant permettra une offre de service rehauss\u00e9e pour Portage, qui demeure en recherche constante d&rsquo;am\u00e9lioration pour le b\u00e9n\u00e9fice de ses r\u00e9sidents.<\/p>\n<p>La mission premi\u00e8re de la garderie la Garderie Ribambelle Montr\u00e9al consiste \u00e0 assurer la sant\u00e9, la s\u00e9curit\u00e9 et le bien-\u00eatre des enfants en offrant un milieu de vie propice au d\u00e9veloppement de leur plein potentiel.<\/p>\n<p>&nbsp;<\/p>\n<p><strong>Un projet d\u00e9di\u00e9 \u00e0 l&rsquo;\u00e9panouissement des enfants dans la communaut\u00e9<\/strong><\/p>\n<p>Le projet est n\u00e9 de la volont\u00e9 profonde de Portage d&rsquo;aider les m\u00e8res qui vivent avec des probl\u00e8mes de d\u00e9pendance \u00e0 reprendre leur vie en main tout en maintenant le lien si important avec leurs enfants. Administr\u00e9 pendant des ann\u00e9es comme une halte-garderie, la Garderie Ribambelle Montr\u00e9al a obtenu le statut officiel de garderie subventionn\u00e9e par le minist\u00e8re de la Famille en ao\u00fbt 2023. Ainsi, les enfants des m\u00e8res qui entreprennent un programme de r\u00e9adaptation \u00e0 Portage sont accueillis tous les jours au sein de la Garderie Ribambelle Montr\u00e9al, avec les enfants des employ\u00e9s.<\/p>\n<p>&nbsp;<\/p>\n<p><strong>Citations <\/strong><\/p>\n<p>\u00ab\u00a0C&rsquo;est avec une immense joie que nous inaugurons aujourd&rsquo;hui la premi\u00e8re garderie subventionn\u00e9e de Portage. Lorsque nous avons entrepris ce projet, notre objectif \u00e9tait clair\u00a0: offrir un environnement chaleureux, s\u00fbr et propice \u00e0 l&rsquo;apprentissage pour les enfants de nos r\u00e9sidentes du programme M\u00e8re-enfant, ainsi que ceux de nos employ\u00e9s. Nous avons travaill\u00e9 fort pendant des ann\u00e9es pour faire de cet endroit un lieu \u00e0 la hauteur de nos exigences. Nous souhaitons remercier le minist\u00e8re de la Famille pour leur excellente collaboration sur ce projet qui, j&rsquo;en suis persuad\u00e9, fera la diff\u00e9rence dans la vie de beaucoup de personnes.\u00a0\u00bb<\/p>\n<p><strong>&#8211; Peter A. Howlett<\/strong>, pr\u00e9sident de Portage<\/p>\n<p>&nbsp;<\/p>\n<p>\u00ab La Garderie Ribambelle Montr\u00e9al est un ajout significatif pour l&rsquo;organisme Portage et ses r\u00e9sidentes. Ces derni\u00e8res peuvent prendre soin d&rsquo;elles l&rsquo;esprit tranquille, sachant leur enfant sous les bons soins de personnes qualifi\u00e9es et bienveillantes. C&rsquo;est pr\u00e9cieux. Je salue l&rsquo;engagement envers le bien-\u00eatre des employ\u00e9s et des r\u00e9sidentes du centre M\u00e8re-enfant, de M. Howlett et de son \u00e9quipe. Votre travail fait une diff\u00e9rence! Je souhaite de merveilleux moments aux enfants de la Ribambelle, ainsi qu&rsquo;\u00e0 l&rsquo;ensemble du personnel.\u00a0\u00bb<\/p>\n<p><strong>&#8211; <a href=\"https:\/\/www.facebook.com\/SuzanneRoyCAQ\/\" target=\"_blank\" rel=\"noopener\">Suzanne Roy<\/a><\/strong>, ministre de la Famille, ministre responsable de la r\u00e9gion de la Mont\u00e9r\u00e9gie et d\u00e9put\u00e9e de Verch\u00e8res<\/p>\n<p>&nbsp;<\/p>\n<p><strong>\u00c0 propos de Portage<\/strong><\/p>\n<p>Depuis 1973, Portage a aid\u00e9 des milliers de personnes aux prises avec des probl\u00e8mes de toxicomanie \u00e0 vaincre leur d\u00e9pendance. L&rsquo;organisme offre une multitude de services adapt\u00e9s aux besoins de ses r\u00e9sidents adultes, adolescents, m\u00e8res avec de jeunes enfants, femmes enceintes, et toxicomanes (hommes et femmes) avec des probl\u00e8mes de sant\u00e9 mentale. Les programmes de r\u00e9adaptation de Portage offrent gratuitement des services reconnus et certifi\u00e9s par Agr\u00e9ment Canada.<\/p>\n<p>Portage g\u00e8re plusieurs centres de r\u00e9adaptation en toxicomanie au Qu\u00e9bec : \u00e0 Montr\u00e9al, Pr\u00e9vost, Qu\u00e9bec et Saint-Malachie. D&rsquo;autres \u00e9tablissements desservent les populations de l&rsquo;Ontario et des Maritimes.<\/p>\n\t<p>Partagez cet article:<\/p>\n\t\t\t\t<a href=\"https:\/\/www.facebook.com\/sharer.php?u=https:\/\/portage.ca\/fr\/?p=39798&#038;fl_builder&#038;title=Communiqu%C3%A9+de+presse+%26%238211%3B+Portage+inaugure+la+Garderie+Ribambelle+Montr%C3%A9al%2C+premi%C3%A8re+garderie+subventionn%C3%A9e+de+l%E2%80%99organisation\">\n\t\t\t\t\t\t\t\t\t\t\t\tShare on Facebook\n\t\t\t\t\t\t\t\t\t<\/a>\n\t\t\t\t<a href=\"https:\/\/www.linkedin.com\/shareArticle?mini=true&#038;url=https:\/\/portage.ca\/fr\/?p=39798&#038;fl_builder&#038;title=Communiqu%C3%A9+de+presse+%26%238211%3B+Portage+inaugure+la+Garderie+Ribambelle+Montr%C3%A9al%2C+premi%C3%A8re+garderie+subventionn%C3%A9e+de+l%E2%80%99organisation\">\n\t\t\t\t\t\t\t\t\t\t\t\tShare on Linkedin\n\t\t\t\t\t\t\t\t\t<\/a>\n\n","protected":false},"excerpt":{"rendered":"<p>Montr\u00e9al, le 18 mars 2024 &#8211; Portage annonce aujourd&rsquo;hui l&rsquo;inauguration de la Garderie Ribambelle Montr\u00e9al, sa premi\u00e8re garderie \u00e0 Montr\u00e9al, subventionn\u00e9e par le minist\u00e8re de la Famille. Situ\u00e9e dans les locaux du centre M\u00e8re-enfant, au c\u0153ur du quartier de Griffintown, la garderie permet d&rsquo;accueillir 38 enfants, dont 20 poupons, sous la supervision d&rsquo;une \u00e9quipe de&#8230;  <a href=\"https:\/\/portage.ca\/fr\/communique-de-presse-portage-inaugure-la-garderie-ribambelle-montreal-premiere-garderie-subventionnee-de-lorganisation\/\" class=\"more-link\" title=\"Read Communiqu\u00e9 de presse &#8211; Portage inaugure la Garderie Ribambelle Montr\u00e9al, premi\u00e8re garderie subventionn\u00e9e de l\u2019organisation\">Read more &raquo;<\/a><\/p>\n","protected":false},"author":13,"featured_media":39772,"comment_status":"open","ping_status":"open","sticky":false,"template":"","format":"standard","meta":{"_acf_changed":false,"footnotes":"","_links_to":"","_links_to_target":""},"categories":[38],"tags":[],"class_list":["post-39798","post","type-post","status-publish","format-standard","has-post-thumbnail","hentry","category-communiques"],"acf":[],"_links":{"self":[{"href":"https:\/\/portage.ca\/fr\/wp-json\/wp\/v2\/posts\/39798","targetHints":{"allow":["GET"]}}],"collection":[{"href":"https:\/\/portage.ca\/fr\/wp-json\/wp\/v2\/posts"}],"about":[{"href":"https:\/\/portage.ca\/fr\/wp-json\/wp\/v2\/types\/post"}],"author":[{"embeddable":true,"href":"https:\/\/portage.ca\/fr\/wp-json\/wp\/v2\/users\/13"}],"replies":[{"embeddable":true,"href":"https:\/\/portage.ca\/fr\/wp-json\/wp\/v2\/comments?post=39798"}],"version-history":[{"count":4,"href":"https:\/\/portage.ca\/fr\/wp-json\/wp\/v2\/posts\/39798\/revisions"}],"predecessor-version":[{"id":39927,"href":"https:\/\/portage.ca\/fr\/wp-json\/wp\/v2\/posts\/39798\/revisions\/39927"}],"wp:featuredmedia":[{"embeddable":true,"href":"https:\/\/portage.ca\/fr\/wp-json\/wp\/v2\/media\/39772"}],"wp:attachment":[{"href":"https:\/\/portage.ca\/fr\/wp-json\/wp\/v2\/media?parent=39798"}],"wp:term":[{"taxonomy":"category","embeddable":true,"href":"https:\/\/portage.ca\/fr\/wp-json\/wp\/v2\/categories?post=39798"},{"taxonomy":"post_tag","embeddable":true,"href":"https:\/\/portage.ca\/fr\/wp-json\/wp\/v2\/tags?post=39798"}],"curies":[{"name":"wp","href":"https:\/\/api.w.org\/{rel}","templated":true}]}}