{"id":39319,"date":"2024-02-07T10:38:28","date_gmt":"2024-02-07T15:38:28","guid":{"rendered":"https:\/\/portage.ca\/?p=39319"},"modified":"2024-02-07T10:45:25","modified_gmt":"2024-02-07T15:45:25","slug":"les-residents-de-portage-au-service-de-moisson-montreal","status":"publish","type":"post","link":"https:\/\/portage.ca\/fr\/les-residents-de-portage-au-service-de-moisson-montreal\/","title":{"rendered":"Les R\u00e9sidents de Portage au Service de Moisson Montr\u00e9al"},"content":{"rendered":"\r\n<p class=\"lead\">Chaque mois, les r\u00e9sidents du <a href=\"https:\/\/portage.ca\/fr\/quebec\/programme-adultes\/\">centre de jour de Montr\u00e9al<\/a> consacrent leur temps \u00e0 une noble cause : <a href=\"https:\/\/www.moissonmontreal.org\/\">Moisson Montr\u00e9al<\/a>. Cette initiative offre bien plus qu&rsquo;une simple aide \u00e0 la communaut\u00e9 ; elle constitue un \u00e9l\u00e9ment cl\u00e9 du processus th\u00e9rapeutique pour nos r\u00e9sidents. En participant activement \u00e0 la r\u00e9ception des dons, au tri des aliments et \u00e0 la pr\u00e9paration des paniers destin\u00e9s aux organismes communautaires, ils trouvent une source d&rsquo;accomplissement et de d\u00e9veloppement personnel. Cette implication leur permet de se reconnecter avec eux-m\u00eames et avec les autres, renfor\u00e7ant ainsi leur estime de soi et leur sens du but.<\/p>\r\n<p>Pour nous \u00e0 Portage, int\u00e9grer ces initiatives de b\u00e9n\u00e9volat dans le parcours de r\u00e9tablissement de nos r\u00e9sidents est fondamental. Nous sommes convaincus que contribuer \u00e0 Moisson Montr\u00e9al, la plus grande banque alimentaire du Canada, enrichit non seulement la vie de ceux que nous aidons mais sert \u00e9galement de pilier dans le <a href=\"https:\/\/portage.ca\/fr\/approche-therapeutique\/\">processus de r\u00e9habilitation<\/a> de nos r\u00e9sidents. C&rsquo;est avec une grande fiert\u00e9 que nous observons leur \u00e9volution, conscients de l&rsquo;importance de ces actions solidaires dans leur processus th\u00e9rapeutique.<\/p>\r\n<p>Partagez cet article :<\/p>\r\n<p><a href=\"https:\/\/www.facebook.com\/sharer.php?u=https:\/\/portage.ca\/fr\/?p=39319&amp;fl_builder&amp;title=Les+R%C3%A9sidents+de+Portage+au+Service+de+Moisson+Montr%C3%A9al\"> Share on Facebook <\/a> <a href=\"https:\/\/www.linkedin.com\/shareArticle?mini=true&amp;url=https:\/\/portage.ca\/fr\/?p=39319&amp;fl_builder&amp;title=Les+R%C3%A9sidents+de+Portage+au+Service+de+Moisson+Montr%C3%A9al\"> Share on Linkedin <\/a><\/p>\r\n","protected":false},"excerpt":{"rendered":"<p>Chaque mois, les r\u00e9sidents du centre de jour de Montr\u00e9al consacrent leur temps \u00e0 une noble cause : Moisson Montr\u00e9al. Cette initiative offre bien plus qu&rsquo;une simple aide \u00e0 la communaut\u00e9 ; elle constitue un \u00e9l\u00e9ment cl\u00e9 du processus th\u00e9rapeutique pour nos r\u00e9sidents. En participant activement \u00e0 la r\u00e9ception des dons, au tri des aliments&#8230;  <a href=\"https:\/\/portage.ca\/fr\/les-residents-de-portage-au-service-de-moisson-montreal\/\" class=\"more-link\" title=\"Read Les R\u00e9sidents de Portage au Service de Moisson Montr\u00e9al\">Read more &raquo;<\/a><\/p>\n","protected":false},"author":19,"featured_media":39320,"comment_status":"open","ping_status":"open","sticky":false,"template":"","format":"standard","meta":{"_acf_changed":false,"footnotes":"","_links_to":"","_links_to_target":""},"categories":[3,7],"tags":[],"class_list":["post-39319","post","type-post","status-publish","format-standard","has-post-thumbnail","hentry","category-nouvelles","category-nouvelles-quebec"],"acf":[],"_links":{"self":[{"href":"https:\/\/portage.ca\/fr\/wp-json\/wp\/v2\/posts\/39319","targetHints":{"allow":["GET"]}}],"collection":[{"href":"https:\/\/portage.ca\/fr\/wp-json\/wp\/v2\/posts"}],"about":[{"href":"https:\/\/portage.ca\/fr\/wp-json\/wp\/v2\/types\/post"}],"author":[{"embeddable":true,"href":"https:\/\/portage.ca\/fr\/wp-json\/wp\/v2\/users\/19"}],"replies":[{"embeddable":true,"href":"https:\/\/portage.ca\/fr\/wp-json\/wp\/v2\/comments?post=39319"}],"version-history":[{"count":3,"href":"https:\/\/portage.ca\/fr\/wp-json\/wp\/v2\/posts\/39319\/revisions"}],"predecessor-version":[{"id":39325,"href":"https:\/\/portage.ca\/fr\/wp-json\/wp\/v2\/posts\/39319\/revisions\/39325"}],"wp:featuredmedia":[{"embeddable":true,"href":"https:\/\/portage.ca\/fr\/wp-json\/wp\/v2\/media\/39320"}],"wp:attachment":[{"href":"https:\/\/portage.ca\/fr\/wp-json\/wp\/v2\/media?parent=39319"}],"wp:term":[{"taxonomy":"category","embeddable":true,"href":"https:\/\/portage.ca\/fr\/wp-json\/wp\/v2\/categories?post=39319"},{"taxonomy":"post_tag","embeddable":true,"href":"https:\/\/portage.ca\/fr\/wp-json\/wp\/v2\/tags?post=39319"}],"curies":[{"name":"wp","href":"https:\/\/api.w.org\/{rel}","templated":true}]}}