{"id":39141,"date":"2024-01-18T10:08:43","date_gmt":"2024-01-18T15:08:43","guid":{"rendered":"https:\/\/portage.ca\/?p=39141"},"modified":"2025-08-04T13:29:40","modified_gmt":"2025-08-04T18:29:40","slug":"debarrasse-de-la-dependance-jai-retrouve-gout-a-la-vie","status":"publish","type":"post","link":"https:\/\/portage.ca\/fr\/debarrasse-de-la-dependance-jai-retrouve-gout-a-la-vie\/","title":{"rendered":"D\u00e9barrass\u00e9 de la d\u00e9pendance, j\u2019ai retrouv\u00e9 go\u00fbt \u00e0 la vie"},"content":{"rendered":"\r\n<p class=\"lead\">J&rsquo;\u00e9tais un v\u00e9ritable rayon de soleil avant que la consommation ne s&rsquo;installe dans ma vie. Jeune, j&rsquo;excelle dans le sport et mes r\u00e9sultats scolaires sont brillants. Ma joie de vivre et mon dynamisme sont contagieux.<\/p>\r\n<p>Toutefois, une ombre se dessine sournoisement sur le tableau de ma vie qui semblait si radieux. Les artifices de mes nouvelles habitudes affectent ma motivation jusqu&rsquo;\u00e0 ce que j&rsquo;en vienne \u00e0 compl\u00e8tement abandonner ce que j&rsquo;estimais tant : amis, famille, sports, passions. La consommation prend alors le total contr\u00f4le de ma vie.<\/p>\r\n<p>A 16 ans, je fais une premi\u00e8re th\u00e9rapie au <a href=\"https:\/\/portage.ca\/fr\/quebec\/programme-adolescents-francais-est\/\">centre Portage Saint-Malachie<\/a>. Toutefois, cette premi\u00e8re tentative de r\u00e9demption fut partie remise. Une graine est alors sem\u00e9e, mais j&rsquo;ai toujours \u00e9t\u00e9 dans la d\u00e9linquance et incarc\u00e9r\u00e9 plusieurs mois pour des d\u00e9lits divers.<\/p>\r\n<p>Aujourd&rsquo;hui, compl\u00e8tement sid\u00e9r\u00e9 par l&rsquo;ampleur de mon cheminement, j&rsquo;\u00e9voque les vestiges d&rsquo;un pass\u00e9 peu glorieux.<\/p>\r\n<p>C&rsquo;est gr\u00e2ce \u00e0 une force puis\u00e9e dans l&rsquo;amour que je porte pour mon fils que je d\u00e9cide d&rsquo;entamer une d\u00e9marche au <a href=\"https:\/\/portage.ca\/fr\/quebec\/programme-adultes\/\">Centre de jour de Portage<\/a>, pour la compl\u00e9ter en 2022. <strong>Motiv\u00e9 plus que jamais, je retrouve go\u00fbt \u00e0 la vie, mes passions refont surface et le changement s&rsquo;amorce par une succession d&rsquo;actions concr\u00e8tes. <\/strong>Je m&rsquo;investis aupr\u00e8s de mes pairs comme le leader positif d&rsquo;autrefois. Une fois ma th\u00e9rapie compl\u00e9t\u00e9e, je choisis de poursuivre ma d\u00e9marche au Centre de formation \u00e0 l&#8217;emploi afin de faire le point sur mes aspirations professionnelles.<\/p>\r\n<p>Aujourd&rsquo;hui, je suis fier des r\u00e9sultats de mes efforts. En plus d&rsquo;\u00eatre un p\u00e8re serti d&rsquo;un sens des responsabilit\u00e9s, je suis \u00e9tudiant au DEP en arpentage. Et dire que la derni\u00e8re fois que j&rsquo;\u00e9tudiais plus s\u00e9rieusement, convaincu et sobre, j&rsquo;\u00e9tais au c\u0153ur de ma jeunesse!<\/p>\r\n<p>Cette minuscule graine sem\u00e9e il y a 10 ans a enfin \u00e9clos, et ce, de mani\u00e8re exponentielle. La lumi\u00e8re est revenue et tel un arbre majestueux, <strong>je grandis et m&rsquo;\u00e9panouie au fil du temps<\/strong>.<\/p>\r\n<p>&nbsp;<\/p>\r\n<p><em>Enrico, Centre de jour de Qu\u00e9bec, 2022<\/em><\/p>\r\n<p>&nbsp;<\/p>\r\n<p>Partagez cet article :<\/p>\r\n<p><a href=\"https:\/\/www.facebook.com\/sharer.php?u=https:\/\/portage.ca\/fr\/?p=39141&amp;fl_builder&amp;title=D%C3%A9barrass%C3%A9+de+la+d%C3%A9pendance%2C+j%E2%80%99ai+retrouv%C3%A9+go%C3%BBt+%C3%A0+la+vie\"> Share on Facebook <\/a> <a href=\"https:\/\/www.linkedin.com\/shareArticle?mini=true&amp;url=https:\/\/portage.ca\/fr\/?p=39141&amp;fl_builder&amp;title=D%C3%A9barrass%C3%A9+de+la+d%C3%A9pendance%2C+j%E2%80%99ai+retrouv%C3%A9+go%C3%BBt+%C3%A0+la+vie\"> Share on Linkedin <\/a><\/p>\r\n","protected":false},"excerpt":{"rendered":"<p>J&rsquo;\u00e9tais un v\u00e9ritable rayon de soleil avant que la consommation ne s&rsquo;installe dans ma vie. Jeune, j&rsquo;excelle dans le sport et mes r\u00e9sultats scolaires sont brillants. Ma joie de vivre et mon dynamisme sont contagieux. Toutefois, une ombre se dessine sournoisement sur le tableau de ma vie qui semblait si radieux. Les artifices de mes&#8230;  <a href=\"https:\/\/portage.ca\/fr\/debarrasse-de-la-dependance-jai-retrouve-gout-a-la-vie\/\" class=\"more-link\" title=\"Read D\u00e9barrass\u00e9 de la d\u00e9pendance, j\u2019ai retrouv\u00e9 go\u00fbt \u00e0 la vie\">Read more &raquo;<\/a><\/p>\n","protected":false},"author":19,"featured_media":39176,"comment_status":"open","ping_status":"open","sticky":false,"template":"","format":"standard","meta":{"_acf_changed":false,"footnotes":"","_links_to":"","_links_to_target":""},"categories":[365],"tags":[],"class_list":["post-39141","post","type-post","status-publish","format-standard","has-post-thumbnail","hentry","category-temoignage"],"acf":[],"_links":{"self":[{"href":"https:\/\/portage.ca\/fr\/wp-json\/wp\/v2\/posts\/39141","targetHints":{"allow":["GET"]}}],"collection":[{"href":"https:\/\/portage.ca\/fr\/wp-json\/wp\/v2\/posts"}],"about":[{"href":"https:\/\/portage.ca\/fr\/wp-json\/wp\/v2\/types\/post"}],"author":[{"embeddable":true,"href":"https:\/\/portage.ca\/fr\/wp-json\/wp\/v2\/users\/19"}],"replies":[{"embeddable":true,"href":"https:\/\/portage.ca\/fr\/wp-json\/wp\/v2\/comments?post=39141"}],"version-history":[{"count":3,"href":"https:\/\/portage.ca\/fr\/wp-json\/wp\/v2\/posts\/39141\/revisions"}],"predecessor-version":[{"id":39178,"href":"https:\/\/portage.ca\/fr\/wp-json\/wp\/v2\/posts\/39141\/revisions\/39178"}],"wp:featuredmedia":[{"embeddable":true,"href":"https:\/\/portage.ca\/fr\/wp-json\/wp\/v2\/media\/39176"}],"wp:attachment":[{"href":"https:\/\/portage.ca\/fr\/wp-json\/wp\/v2\/media?parent=39141"}],"wp:term":[{"taxonomy":"category","embeddable":true,"href":"https:\/\/portage.ca\/fr\/wp-json\/wp\/v2\/categories?post=39141"},{"taxonomy":"post_tag","embeddable":true,"href":"https:\/\/portage.ca\/fr\/wp-json\/wp\/v2\/tags?post=39141"}],"curies":[{"name":"wp","href":"https:\/\/api.w.org\/{rel}","templated":true}]}}