{"id":38815,"date":"2023-10-14T08:39:02","date_gmt":"2023-10-14T13:39:02","guid":{"rendered":"https:\/\/portage.ca\/parlons-decentralisation-au-benefice-des-usagers\/"},"modified":"2025-12-09T15:50:46","modified_gmt":"2025-12-09T20:50:46","slug":"parlons-decentralisation-au-benefice-des-usagers","status":"publish","type":"post","link":"https:\/\/portage.ca\/fr\/parlons-decentralisation-au-benefice-des-usagers\/","title":{"rendered":"Parlons d\u00e9centralisation au b\u00e9n\u00e9fice des usagers!"},"content":{"rendered":"\n\n\t<p class=\"lead\">Le\u00a0<a href=\"https:\/\/rpcu.qc.ca\/\" target=\"_blank\" rel=\"noopener\"><strong>Congr\u00e8s RPCU 2023<\/strong><\/a>\u00a0(Regroupement provincial des Comit\u00e9s des Usagers) a eu lieu \u00e0 l&rsquo;H\u00f4tel Sheraton de Laval les 12 et 13 octobre derniers sous le th\u00e8me \u00ab <strong>Parlons d\u00e9centralisation au b\u00e9n\u00e9fice des usagers\u00a0: les \u00e9tats g\u00e9n\u00e9raux du travail social \u00bb.<\/strong> Plus de 450 membres des comit\u00e9s des usagers et de r\u00e9sidents de partout au Qu\u00e9bec, ainsi que des experts et professionnels du r\u00e9seau de la sant\u00e9 et des services sociaux ont assist\u00e9 au congr\u00e8s, incluant, cinq personnes impliqu\u00e9es au sein du comit\u00e9 des usagers (r\u00e9gion de Montr\u00e9al) (CU) et des comit\u00e9s de r\u00e9sidents (CR) de Portage.<\/p>\n<p>L&rsquo;objectif du congr\u00e8s \u00e9tait de parler de la d\u00e9centralisation des services dans le syst\u00e8me de sant\u00e9 et de services sociaux qui n&rsquo;est pas b\u00e9n\u00e9fique pour les usagers. Dans les derni\u00e8res ann\u00e9es, malgr\u00e9 des r\u00e9organisations, la premi\u00e8re ligne de services a \u00e9t\u00e9 n\u00e9glig\u00e9e en faveur d&rsquo;une approche centr\u00e9e sur les h\u00f4pitaux. L&rsquo;acc\u00e8s aux services de sant\u00e9 est devenu complexe pour de nombreuses personnes \u00e0 cause de la dispersion des points d&rsquo;acc\u00e8s.<\/p>\n<p>Bien que les changements dans le syst\u00e8me de sant\u00e9 soient couronn\u00e9s de succ\u00e8s et durables, il est essentiel de renforcer les services de base. Le RCPU propose de cr\u00e9er une premi\u00e8re ligne 2.0 qui int\u00e8grerait de mani\u00e8re plus efficace les services m\u00e9dicaux, de sant\u00e9 et sociaux, en les prot\u00e9geant l\u00e9galement. Enfin, l&rsquo;impact du projet de loi d\u00e9pos\u00e9 le 29 mars 2023 (Loi 15) visant \u00e0 rendre le syst\u00e8me de sant\u00e9 plus efficace a \u00e9t\u00e9 abord\u00e9 et d\u00e9battu par les membres.<\/p>\n<p>Au cours du congr\u00e8s, diff\u00e9rents dirigeants du RPCU ont livr\u00e9 des discours sur l&rsquo;\u00e9tat de la situation sur l&rsquo;avenir des comit\u00e9s des usagers versus la nouvelle loi 15. Les membres ont aussi pris connaissance de points de vue enflamm\u00e9s par rapport \u00e0 la centralisation des services. L&rsquo;objectif \u00e9tant d&rsquo;outiller les membres dans la promotion des droits des usagers. Les participants ont eu la chance d&rsquo;\u00e9changer des id\u00e9es, d&rsquo;\u00e9tablir des r\u00e9seaux et de renforcer leurs comp\u00e9tences.<\/p>\n<p>Finalement, ce fut l&rsquo;occasion pour eux de rencontrer et d&rsquo;\u00e9changer avec d&rsquo;autres membres de CU et de CR de milieux divers et provenant de toute la province, en plus d&rsquo;assister \u00e0 des ateliers forts int\u00e9ressants. Une autre belle occasion pour la petite \u00e9quipe de resserrer leurs liens!<\/p>\n<p>&nbsp;<\/p>\n<p><strong>Sur la photo\u00a0de gauche \u00e0 droite\u00a0:<\/strong><\/p>\nL\u00e9onie Provost, membre du CU<br \/>\nGabry\u00ebl Hamel, Agent assurance-qualit\u00e9 au centre Lionel-Groulx<br \/>\nSonia Leblanc, personne ressource pour le CU r\u00e9gion de Montr\u00e9al et les CR de tout Portage<br \/>\nM\u00e9lodie Bouchard, intervenante responsable du CR au programme M\u00e8re Enfant<br \/>\nJames Najem, intervenant responsable du CR au programme TSTM\n\t<p>Partagez cet article:<\/p>\n\t\t\t\t\t\t\t\t<a href=\"https:\/\/www.facebook.com\/sharer.php?u=https:\/\/portage.ca\/fr\/?p=38815&#038;fl_builder&#038;title=Parlons+d%C3%A9centralisation+au+b%C3%A9n%C3%A9fice+des+usagers%21\">\n\t\t\t\t\t\t\t\t\t\t\t\tShare on Facebook\n\t\t\t\t\t\t\t\t\t<\/a>\n\t\t\t\t\t\t\t\t<a href=\"https:\/\/www.linkedin.com\/shareArticle?mini=true&#038;url=https:\/\/portage.ca\/fr\/?p=38815&#038;fl_builder&#038;title=Parlons+d%C3%A9centralisation+au+b%C3%A9n%C3%A9fice+des+usagers%21\">\n\t\t\t\t\t\t\t\t\t\t\t\tShare on Linkedin\n\t\t\t\t\t\t\t\t\t<\/a>\n\n","protected":false},"excerpt":{"rendered":"<p>Le\u00a0Congr\u00e8s RPCU 2023\u00a0(Regroupement provincial des Comit\u00e9s des Usagers) a eu lieu \u00e0 l&rsquo;H\u00f4tel Sheraton de Laval les 12 et 13 octobre derniers sous le th\u00e8me \u00ab Parlons d\u00e9centralisation au b\u00e9n\u00e9fice des usagers\u00a0: les \u00e9tats g\u00e9n\u00e9raux du travail social \u00bb. Plus de 450 membres des comit\u00e9s des usagers et de r\u00e9sidents de partout au Qu\u00e9bec, ainsi&#8230;  <a href=\"https:\/\/portage.ca\/fr\/parlons-decentralisation-au-benefice-des-usagers\/\" class=\"more-link\" title=\"Read Parlons d\u00e9centralisation au b\u00e9n\u00e9fice des usagers!\">Read more &raquo;<\/a><\/p>\n","protected":false},"author":13,"featured_media":38811,"comment_status":"open","ping_status":"open","sticky":false,"template":"","format":"standard","meta":{"_acf_changed":false,"footnotes":"","_links_to":"","_links_to_target":""},"categories":[3,7],"tags":[],"class_list":["post-38815","post","type-post","status-publish","format-standard","has-post-thumbnail","hentry","category-nouvelles","category-nouvelles-quebec"],"acf":[],"_links":{"self":[{"href":"https:\/\/portage.ca\/fr\/wp-json\/wp\/v2\/posts\/38815","targetHints":{"allow":["GET"]}}],"collection":[{"href":"https:\/\/portage.ca\/fr\/wp-json\/wp\/v2\/posts"}],"about":[{"href":"https:\/\/portage.ca\/fr\/wp-json\/wp\/v2\/types\/post"}],"author":[{"embeddable":true,"href":"https:\/\/portage.ca\/fr\/wp-json\/wp\/v2\/users\/13"}],"replies":[{"embeddable":true,"href":"https:\/\/portage.ca\/fr\/wp-json\/wp\/v2\/comments?post=38815"}],"version-history":[{"count":5,"href":"https:\/\/portage.ca\/fr\/wp-json\/wp\/v2\/posts\/38815\/revisions"}],"predecessor-version":[{"id":46939,"href":"https:\/\/portage.ca\/fr\/wp-json\/wp\/v2\/posts\/38815\/revisions\/46939"}],"wp:featuredmedia":[{"embeddable":true,"href":"https:\/\/portage.ca\/fr\/wp-json\/wp\/v2\/media\/38811"}],"wp:attachment":[{"href":"https:\/\/portage.ca\/fr\/wp-json\/wp\/v2\/media?parent=38815"}],"wp:term":[{"taxonomy":"category","embeddable":true,"href":"https:\/\/portage.ca\/fr\/wp-json\/wp\/v2\/categories?post=38815"},{"taxonomy":"post_tag","embeddable":true,"href":"https:\/\/portage.ca\/fr\/wp-json\/wp\/v2\/tags?post=38815"}],"curies":[{"name":"wp","href":"https:\/\/api.w.org\/{rel}","templated":true}]}}