{"id":36614,"date":"2023-04-13T10:06:24","date_gmt":"2023-04-13T15:06:24","guid":{"rendered":"https:\/\/portage.ca\/?p=36614"},"modified":"2025-08-04T14:30:03","modified_gmt":"2025-08-04T19:30:03","slug":"temoignage-de-leo-le-pirate-perdu-en-mer","status":"publish","type":"post","link":"https:\/\/portage.ca\/fr\/temoignage-de-leo-le-pirate-perdu-en-mer\/","title":{"rendered":"T\u00e9moignage de L\u00e9o, le pirate perdu en mer"},"content":{"rendered":"\r\n<p class=\"lead\"><strong>\u00ab Je me donne le temps<\/strong>.<\/p>\r\n<p>C&rsquo;est le 1<sup>er<\/sup>\u00a0mars 2022, \u00e0 bout de souffle, que je passe le pas hors de chez-moi. Derri\u00e8re moi, une famille d\u00e9chir\u00e9e, des cannettes vides \u00e9parpill\u00e9es, des bouteilles d&rsquo;alcool cach\u00e9es dans ma garde-robe que je voudrais lancer \u00e0 la mer. Je quitte donc en laissant dans mon sillage les d\u00e9combres de l&rsquo;ouragan.<\/p>\r\n<p>C&rsquo;est avec mes kilos de tristesse sur le dos, le mal dans le foie et dans les poumons, ma fragilit\u00e9, un certain pessimisme, ma soif intense et mon surplus de bagages que j&rsquo;arrive \u00e0 <a href=\"https:\/\/portage.ca\/fr\/quebec\/programme-adolescents-francais-est\/\">Portage Saint-Malachie<\/a>, comme un pirate perdu en mer.<\/p>\r\n<p>Je me retrouve projet\u00e9 dans l&rsquo;inconnu, entour\u00e9 d&rsquo;individus auxquels je ne m&rsquo;identifie pas, qui parlent un langage th\u00e9rapeutique que je ne comprends pas. On me parle de comportements\u00a0: \u00ab\u2009<em>Voyons\u2009! Je n&rsquo;en ai pas\u2009! Mon seul probl\u00e8me, c&rsquo;est la boisson\u2009! Je ne suis pas responsable de mon malheur et de ma d\u00e9rive, c&rsquo;est la vie qui est impitoyable\u2009!\u2009<\/em>\u00bb<\/p>\r\n<p>On me parle d&rsquo;amour inconditionnel et de pardon pour soi\u00a0: \u00ab\u2009<em>C&rsquo;est s\u00fbr qu&rsquo;on rit de moi l\u00e0, la vie n&rsquo;a m\u00eame pas mis mon \u00e2me dans le bon corps. Venez pas me dire que j&rsquo;ai \u00e9t\u00e9 cr\u00e9\u00e9 pour m&rsquo;aimer\u2009! Tout est trop,\u00a0\u00ab\u00a0too much\u00a0\u00bb, trop intense. Je me sens tellement mal dans ma peau.\u2009\u00bb\u00a0<\/em><\/p>\r\n<p>On me rassure\u00a0: \u00ab\u2009<em>Laisse-toi le temps d&rsquo;arriver L\u00e9o, de t&rsquo;adapter<\/em>.\u2009\u00bb<\/p>\r\n<p>Ce dernier point r\u00e9sonne en moi. J&rsquo;ai toujours \u00e9t\u00e9 impitoyable envers moi-m\u00eame, sans me laisser le temps de me conna\u00eetre v\u00e9ritablement. Les imperfections et toutes les contradictions qui me caract\u00e9risent. J&rsquo;ai r\u00e9alis\u00e9 que c&rsquo;\u00e9tait beau \u00eatre comme \u00e7a.<\/p>\r\n<p>Je suis peut-\u00eatre encore un peu jeune pour radoter une expression qu\u00e9taine comme \u00e7a, mais le temps est vraiment le plus beau des cadeaux. Car avec ce temps, j&rsquo;ai su enlever tous mes masques, toute ma peur. J&rsquo;ai appris \u00e0 \u00eatre moi, L\u00e9o, dans toute sa splendeur et excentricit\u00e9.<\/p>\r\n<p>Autrefois seul et terrifi\u00e9, j&rsquo;ai aujourd&rsquo;hui retrouv\u00e9 ma lumi\u00e8re. Je n&rsquo;ai pas touch\u00e9 \u00e0 une seule goutte d&rsquo;alcool depuis le d\u00e9but de ma d\u00e9marche, depuis que j&rsquo;ai go\u00fbt\u00e9 au bonheur et \u00e0 la paix d&rsquo;esprit.<\/p>\r\n<p>Aujourd&rsquo;hui je suis pr\u00eat \u00e0 reprendre ma route, d\u00e9livr\u00e9 de ma d\u00e9pendance avec dans mon sac beaucoup d&rsquo;outils et de l&rsquo;amour \u00e0 l&rsquo;infini. Aujourd&rsquo;hui, j&rsquo;arrive \u00e0 dire que je me connais et que je l&rsquo;aime en maudit ce gars-l\u00e0\u2009! Aujourd&rsquo;hui, j&rsquo;ai des projets et des r\u00eaves plein la t\u00eate et enfin la force, la r\u00e9silience, la confiance et l&rsquo;acharnement pour les r\u00e9aliser.<\/p>\r\n<p>Je retourne bient\u00f4t sur les bancs d&rsquo;\u00e9cole, je sors mes pinceaux et je me peins un avenir digne de ce nom.\u00a0\u00bb<\/p>\r\n<p>&nbsp;<\/p>\r\n<p><em>L\u00e9o, programme adolescents et jeunes adultes, Saint-Malachie, 2022<\/em><\/p>\r\n<p>Partagez cet article :<\/p>\r\n<p><a href=\"https:\/\/www.facebook.com\/sharer.php?u=https:\/\/portage.ca\/fr\/?p=36614&amp;fl_builder&amp;title=T%C3%A9moignage+de+L%C3%A9o%2C+le+pirate+perdu+en+mer\"> Share on Facebook <\/a> <a href=\"https:\/\/www.linkedin.com\/shareArticle?mini=true&amp;url=https:\/\/portage.ca\/fr\/?p=36614&amp;fl_builder&amp;title=T%C3%A9moignage+de+L%C3%A9o%2C+le+pirate+perdu+en+mer\"> Share on Linkedin <\/a><\/p>\r\n","protected":false},"excerpt":{"rendered":"<p>\u00ab Je me donne le temps. C&rsquo;est le 1er\u00a0mars 2022, \u00e0 bout de souffle, que je passe le pas hors de chez-moi. Derri\u00e8re moi, une famille d\u00e9chir\u00e9e, des cannettes vides \u00e9parpill\u00e9es, des bouteilles d&rsquo;alcool cach\u00e9es dans ma garde-robe que je voudrais lancer \u00e0 la mer. Je quitte donc en laissant dans mon sillage les d\u00e9combres&#8230;  <a href=\"https:\/\/portage.ca\/fr\/temoignage-de-leo-le-pirate-perdu-en-mer\/\" class=\"more-link\" title=\"Read T\u00e9moignage de L\u00e9o, le pirate perdu en mer\">Read more &raquo;<\/a><\/p>\n","protected":false},"author":19,"featured_media":36617,"comment_status":"open","ping_status":"open","sticky":false,"template":"","format":"standard","meta":{"_acf_changed":false,"footnotes":"","_links_to":"","_links_to_target":""},"categories":[365],"tags":[181],"class_list":["post-36614","post","type-post","status-publish","format-standard","has-post-thumbnail","hentry","category-temoignage","tag-adolescents-fr"],"acf":[],"_links":{"self":[{"href":"https:\/\/portage.ca\/fr\/wp-json\/wp\/v2\/posts\/36614","targetHints":{"allow":["GET"]}}],"collection":[{"href":"https:\/\/portage.ca\/fr\/wp-json\/wp\/v2\/posts"}],"about":[{"href":"https:\/\/portage.ca\/fr\/wp-json\/wp\/v2\/types\/post"}],"author":[{"embeddable":true,"href":"https:\/\/portage.ca\/fr\/wp-json\/wp\/v2\/users\/19"}],"replies":[{"embeddable":true,"href":"https:\/\/portage.ca\/fr\/wp-json\/wp\/v2\/comments?post=36614"}],"version-history":[{"count":4,"href":"https:\/\/portage.ca\/fr\/wp-json\/wp\/v2\/posts\/36614\/revisions"}],"predecessor-version":[{"id":44770,"href":"https:\/\/portage.ca\/fr\/wp-json\/wp\/v2\/posts\/36614\/revisions\/44770"}],"wp:featuredmedia":[{"embeddable":true,"href":"https:\/\/portage.ca\/fr\/wp-json\/wp\/v2\/media\/36617"}],"wp:attachment":[{"href":"https:\/\/portage.ca\/fr\/wp-json\/wp\/v2\/media?parent=36614"}],"wp:term":[{"taxonomy":"category","embeddable":true,"href":"https:\/\/portage.ca\/fr\/wp-json\/wp\/v2\/categories?post=36614"},{"taxonomy":"post_tag","embeddable":true,"href":"https:\/\/portage.ca\/fr\/wp-json\/wp\/v2\/tags?post=36614"}],"curies":[{"name":"wp","href":"https:\/\/api.w.org\/{rel}","templated":true}]}}