{"id":35508,"date":"2023-02-16T10:04:32","date_gmt":"2023-02-16T15:04:32","guid":{"rendered":"https:\/\/portage.ca\/?p=35508"},"modified":"2025-08-12T14:14:21","modified_gmt":"2025-08-12T19:14:21","slug":"je-ne-voulais-pas-vivre-cette-vie-de-dependance-temoignage-de-john-programme-pour-adolescents-en-2020","status":"publish","type":"post","link":"https:\/\/portage.ca\/fr\/je-ne-voulais-pas-vivre-cette-vie-de-dependance-temoignage-de-john-programme-pour-adolescents-en-2020\/","title":{"rendered":"Je ne voulais pas vivre cette vie de d\u00e9pendance"},"content":{"rendered":"\r\n\r\n\t<h4><strong>Pourquoi et comment as-tu demand\u00e9 de l&rsquo;aide\u2009? <\/strong><\/h4>\r\n<p class=\"lead\">Un conseiller \u00e0 l&rsquo;\u00e9cole m&rsquo;a parl\u00e9 de Portage. \u00c0 l&rsquo;\u00e9poque, je n&rsquo;\u00e9tais pas encore pr\u00eat \u00e0 penser \u00e0 un traitement, mais l&rsquo;id\u00e9e me trottait dans la t\u00eate. Une nuit, j&rsquo;ai r\u00e9alis\u00e9 que je ne voulais pas vivre cette vie de d\u00e9pendance. Le lendemain, j&rsquo;ai parl\u00e9 \u00e0 mes parents, nous avons appel\u00e9 Portage et trois jours plus tard, j&rsquo;\u00e9tais dans le programme r\u00e9sidentiel.<\/p>\r\n<h4><strong>Comment s&rsquo;est pass\u00e9 le d\u00e9but du programme\u2009?<\/strong><\/h4>\r\n<p>J&rsquo;\u00e9tais nerveux quand j&rsquo;ai commenc\u00e9 le programme, le premier mois a \u00e9t\u00e9 tr\u00e8s difficile. Mais tr\u00e8s vite, nous sommes devenus une famille, m\u00eame si je ne m&rsquo;entendais pas vraiment avec tout le monde. Ils m&rsquo;ont mis \u00e0 l&rsquo;aise de telle sorte que j&rsquo;ai pu \u00eatre ouvert et partager mon histoire avec eux. Je leur ai dit o\u00f9 en \u00e9taient mes pens\u00e9es, et je les \u00e9coutais aussi.<\/p>\r\n<p>En entrant, j&rsquo;ai r\u00e9alis\u00e9 ce qu&rsquo;\u00e9tait une communaut\u00e9, car je n&rsquo;en avais pas avant. J&rsquo;avais un mentor pour me guider, et finalement, quelques mois plus tard, je suis devenu un mentor pour les nouveaux r\u00e9sidents. C&rsquo;est tr\u00e8s valorisant d&rsquo;aider des gens qui sont pass\u00e9s par ce que j&rsquo;ai v\u00e9cu quelques mois auparavant.<\/p>\r\n<h4><strong>Qu&rsquo;as-tu appris sur toi-m\u00eame\u2009? Comment cela a-t-il chang\u00e9 la fa\u00e7on dont tu vois ta vie\u2009?<\/strong><\/h4>\r\n<p>Les discussions \u00e0 l&rsquo;heure des repas et les s\u00e9ances de m\u00e9nages qui suivent ont vraiment contribu\u00e9 \u00e0 m&rsquo;ouvrir mes yeux. Cela m&rsquo;a aid\u00e9 \u00e0 comprendre mes actions pour me permettre d&rsquo;analyser davantage ma conduite.<\/p>\r\n<p>Les rencontres du matin ont \u00e9t\u00e9 les moments les plus marquants de ma th\u00e9rapie. J&rsquo;ai pu admettre ce que j&rsquo;avais fait de mal et de bien et le partager avec la communaut\u00e9. Ensuite, j&rsquo;ai pu m&rsquo;en servir pour comprendre pourquoi j&rsquo;ai agi ainsi et l&rsquo;analyser afin de pr\u00e9venir ou d&rsquo;arr\u00eater ces comportements.<\/p>\r\n<h4><strong>Quels \u00e9taient les moments forts de la th\u00e9rapie\u2009?<\/strong><\/h4>\r\n<p>J&rsquo;ai beaucoup aim\u00e9 les excursions que nous avons faites. Je me souviens que nous avons fait beaucoup d&rsquo;activit\u00e9s, nous sommes all\u00e9s \u00e0 la salle de sport. J&rsquo;ai pu renouer avec mes passions et ce que j&rsquo;aimais faire. Des activit\u00e9s qui me calmaient, ou des choses que j&rsquo;aimais dans la vie.<\/p>\r\n<p>J&rsquo;ai recommenc\u00e9 \u00e0 faire de la randonn\u00e9e, \u00e0 m&rsquo;int\u00e9resser \u00e0 la communaut\u00e9 et \u00e0 l&rsquo;\u00e9cole. J&rsquo;avais perdu tout int\u00e9r\u00eat pour l&rsquo;\u00e9cole quand j&rsquo;ai commenc\u00e9 \u00e0 consommer. Chez Portage, l&rsquo;\u00e9cole est une partie importante du programme. Cela m&rsquo;a permis de retrouver mon amour pour les \u00e9tudes, ce que je ne pensais pas retrouver. J&rsquo;ai vraiment aim\u00e9 cela.<\/p>\r\n<h4><strong>Comment as-tu r\u00e9ussi \u00e0 rester sobre apr\u00e8s ta th\u00e9rapie\u2009?<\/strong><\/h4>\r\n<p>Les groupes de suivi, sans aucun doute. Chaque mercredi, je savais que je devais y retourner, leur raconter ma semaine, sachant que je devais \u00eatre honn\u00eate et ouvert, leur dire quand j&rsquo;avais fait quelque chose de mal. Cela me permet de vivre sans culpabilit\u00e9. J&rsquo;ai appris \u00e0 toujours parler \u00e0 mes parents ou \u00e0 un ami.<\/p>\r\n<p>Les r\u00e9unions post-cure m&rsquo;ont appris l&rsquo;ouverture et l&rsquo;honn\u00eatet\u00e9.<\/p>\r\n<h4><strong>Quel effet cela fait-il de revenir chez soi\u2009? Qu&rsquo;est-ce qui a chang\u00e9, pour toi et ta famille\u2009?<\/strong><\/h4>\r\n<p>La vie est fantastique\u2009! C&rsquo;est incroyable. Ma famille et moi \u00e9tions assez proches avant, mais maintenant nous sommes extr\u00eamement proches. On se dit tout.<\/p>\r\n<p>J&rsquo;ai perdu contact avec mes s\u0153urs lorsque je consommais, je ne leur parlais plus. Maintenant, nous sommes tr\u00e8s proches, et nous passons beaucoup de temps ensemble.<\/p>\r\n<p>Dans ma vie quotidienne aussi, je suis motiv\u00e9, heureux, et capable de voir le bon c\u00f4t\u00e9 des choses. Par exemple, si j&rsquo;ai une mauvaise note \u00e0 un examen, je ne vais pas me rabaisser. Avant, j&rsquo;\u00e9tais perfectionniste et je me rabaissais. Je sais que ce ne sera pas parfait, et je l&rsquo;accepte.<\/p>\r\n<p>Portage a \u00e9t\u00e9 une exp\u00e9rience formidable dans l&rsquo;ensemble, cela a d\u00e9finitivement chang\u00e9 ma vie, je ne l&rsquo;oublierai jamais.<\/p>\r\n<p>&nbsp;<\/p>\r\n<p><em>&#8211; John, programme adolescents, Lac \u00c9cho, 2020<\/em><\/p>\r\n\t<p>Partager cet article :<\/p>\r\n\t\t\t\t\t\t\t\t<a href=\"https:\/\/www.facebook.com\/sharer.php?u=https:\/\/portage.ca\/fr\/?p=35508&#038;fl_builder&#038;title=%C2%AB%C2%A0Je+ne+voulais+pas+vivre+cette+vie+de+d%C3%A9pendance%C2%A0%C2%BB+%26%238211%3B+John%2C+programme+adolescents%2C+2020\">\r\n\t\t\t\t\t\t\t\t\t\t\t\tShare on Facebook\r\n\t\t\t\t\t\t\t\t\t<\/a>\r\n\t\t\t\t\t\t\t\t<a href=\"https:\/\/www.linkedin.com\/shareArticle?mini=true&#038;url=https:\/\/portage.ca\/fr\/?p=35508&#038;fl_builder&#038;title=%C2%AB%C2%A0Je+ne+voulais+pas+vivre+cette+vie+de+d%C3%A9pendance%C2%A0%C2%BB+%26%238211%3B+John%2C+programme+adolescents%2C+2020\">\r\n\t\t\t\t\t\t\t\t\t\t\t\tShare on Linkedin\r\n\t\t\t\t\t\t\t\t\t<\/a>\r\n\r\n","protected":false},"excerpt":{"rendered":"<p>Pourquoi et comment as-tu demand\u00e9 de l&rsquo;aide\u2009? Un conseiller \u00e0 l&rsquo;\u00e9cole m&rsquo;a parl\u00e9 de Portage. \u00c0 l&rsquo;\u00e9poque, je n&rsquo;\u00e9tais pas encore pr\u00eat \u00e0 penser \u00e0 un traitement, mais l&rsquo;id\u00e9e me trottait dans la t\u00eate. Une nuit, j&rsquo;ai r\u00e9alis\u00e9 que je ne voulais pas vivre cette vie de d\u00e9pendance. Le lendemain, j&rsquo;ai parl\u00e9 \u00e0 mes parents,&#8230;  <a href=\"https:\/\/portage.ca\/fr\/je-ne-voulais-pas-vivre-cette-vie-de-dependance-temoignage-de-john-programme-pour-adolescents-en-2020\/\" class=\"more-link\" title=\"Read Je ne voulais pas vivre cette vie de d\u00e9pendance\">Read more &raquo;<\/a><\/p>\n","protected":false},"author":19,"featured_media":35515,"comment_status":"open","ping_status":"open","sticky":false,"template":"","format":"standard","meta":{"_acf_changed":false,"footnotes":"","_links_to":"","_links_to_target":""},"categories":[365],"tags":[181],"class_list":["post-35508","post","type-post","status-publish","format-standard","has-post-thumbnail","hentry","category-temoignage","tag-adolescents-fr"],"acf":[],"_links":{"self":[{"href":"https:\/\/portage.ca\/fr\/wp-json\/wp\/v2\/posts\/35508","targetHints":{"allow":["GET"]}}],"collection":[{"href":"https:\/\/portage.ca\/fr\/wp-json\/wp\/v2\/posts"}],"about":[{"href":"https:\/\/portage.ca\/fr\/wp-json\/wp\/v2\/types\/post"}],"author":[{"embeddable":true,"href":"https:\/\/portage.ca\/fr\/wp-json\/wp\/v2\/users\/19"}],"replies":[{"embeddable":true,"href":"https:\/\/portage.ca\/fr\/wp-json\/wp\/v2\/comments?post=35508"}],"version-history":[{"count":15,"href":"https:\/\/portage.ca\/fr\/wp-json\/wp\/v2\/posts\/35508\/revisions"}],"predecessor-version":[{"id":45000,"href":"https:\/\/portage.ca\/fr\/wp-json\/wp\/v2\/posts\/35508\/revisions\/45000"}],"wp:featuredmedia":[{"embeddable":true,"href":"https:\/\/portage.ca\/fr\/wp-json\/wp\/v2\/media\/35515"}],"wp:attachment":[{"href":"https:\/\/portage.ca\/fr\/wp-json\/wp\/v2\/media?parent=35508"}],"wp:term":[{"taxonomy":"category","embeddable":true,"href":"https:\/\/portage.ca\/fr\/wp-json\/wp\/v2\/categories?post=35508"},{"taxonomy":"post_tag","embeddable":true,"href":"https:\/\/portage.ca\/fr\/wp-json\/wp\/v2\/tags?post=35508"}],"curies":[{"name":"wp","href":"https:\/\/api.w.org\/{rel}","templated":true}]}}