{"id":22995,"date":"2019-06-06T12:42:38","date_gmt":"2019-06-06T17:42:38","guid":{"rendered":"https:\/\/portage.hamakmarketingnumerique.com\/?p=22995"},"modified":"2019-06-06T12:42:41","modified_gmt":"2019-06-06T17:42:41","slug":"foire-locale-de-lemploi-un-premier-rendez-vous-plein-de-promesses","status":"publish","type":"post","link":"https:\/\/portage.ca\/fr\/foire-locale-de-lemploi-un-premier-rendez-vous-plein-de-promesses\/","title":{"rendered":"Foire Locale de l\u2019Emploi : Un premier rendez-vous plein de promesses"},"content":{"rendered":"\n<p class=\"lead\"><strong>Le Quartier Centre-Sud vient d\u2019accueillir sa premi\u00e8re Foire Locale de l\u2019Emploi, organis\u00e9e le 25 mai,\u00a0 au Centre Jean-Claude Mal\u00e9part, par trois organismes  communautaires\u00a0: la CDC Centre-Sud; le GIT et MIRE et quatre collaborateurs: Carrefour Jeunesse Emploi Centre-Sud; CODEM; IJQ; OPJ et la SDS.<\/strong><\/p>\n\n\n\n<p>Les\nemployeurs du secteur priv\u00e9 et du milieu communautaire ont r\u00e9pondu \u00e0 l\u2019appel\ndes organisateurs afin de dynamiser l\u2019emploi local et les services de proximit\u00e9\ndans le quartier. En effet, des \u00e9tudes, dont celle d\u2019Emploi Qu\u00e9bec*, ont d\u00e9montr\u00e9 que\nla&nbsp;p\u00e9nurie de main-d\u2019\u0153uvre s\u2019explique principalement par les difficult\u00e9s\nde recrutement. Les entreprises sont ainsi appel\u00e9es \u00e0 optimiser leurs\nrecrutements gr\u00e2ce au soutien des organismes sp\u00e9cialis\u00e9s. La\nFoire Locale de l\u2019Emploi veut aussi r\u00e9pondre \u00e0 ce besoin des entreprises.<\/p>\n\n\n\n<p>Les\nexposants qui repr\u00e9sentaient diff\u00e9rents secteurs (Cha\u00eenes d\u2019\u00e9picerie,\nrestauration, Libraires, Aide \u00e0 l\u2019emploi, Arrondissement Ville-Marie\u2026) ont\nsoulign\u00e9 la qualit\u00e9 des contacts effectu\u00e9s durant la Foire et leur intention de\nrevenir pour les prochaines \u00e9ditions de cet \u00e9v\u00e8nement local. Dominic Sauro\nd\u2019IGA Claude Sauro, a d\u00e9clar\u00e9&nbsp;: <em>\u00ab C\u2019est notre premi\u00e8re participation \u00e0\nune Foire locale de l\u2019Emploi; &nbsp;on a eu\nplusieurs candidatures et beaucoup de bons candidats<\/em>\u00bb. Il a poursuivi,\nconcernant la prochaine \u00e9dition&nbsp;: \u00ab <em>C\u2019est certain que nous serons l\u00e0\nl\u2019ann\u00e9e prochaine pour renouveler l\u2019exp\u00e9rience<\/em>\u00bb.<\/p>\n\n\n\n<p>De\nson c\u00f4t\u00e9, Martin Gauthier Contrema\u00eetre repr\u00e9sentant l\u2019Arrondissement\nVille-Marie a soulign\u00e9 la qualit\u00e9 des contacts effectu\u00e9s durant la Foire&nbsp;:\n\u00ab<em>On est satisfait de l\u2019exp\u00e9rience qu\u2019on a v\u00e9cue ici, on a aid\u00e9 beaucoup de\nmonde et je pense que beaucoup vont faire l\u2019application \u00e0 la Ville de Montr\u00e9al<\/em>\u00bb.\n<\/p>\n\n\n\n<p>Quant\naux visiteurs, dont 62% \u00e9taient des chercheurs d\u2019emploi, ils ont, selon les\ncas, re\u00e7u de l\u2019information, pos\u00e9 leurs candidatures, ou encore obtenu des\nrendez-vous d\u2019entrevues. Les plus chanceux d\u2019entre eux ont \u00e9t\u00e9 recrut\u00e9s apr\u00e8s\nla Foire.<\/p>\n\n\n\n<p>L\u2019av\u00e8nement\nde cette initiative dans le quartier Centre-Sud semble marquer la naissance\nd\u2019un rendez-vous annuel qui peut apporter un appui certain \u00e0 l\u2019\u00e9conomie du\nquartier. Les organisateurs se disent satisfaits de cette premi\u00e8re \u00e9dition et\ns\u2019activent d\u00e9j\u00e0 pour organiser l\u2019\u00e9dition 2020 de la Foire Locale de l\u2019Emploi du\nCentre-Sud.<\/p>\n\n\n\n<p>* ENQU\u00caTE\nSUR LE RECRUTEMENT, L\u2019EMPLOI ET LES BESOINS DE FORMATION DANS LES\n\u00c9TABLISSEMENTS AU QU\u00c9BEC (EREFQ)&nbsp;&nbsp;&nbsp;\nEmploi Qu\u00e9bec -2015.<\/p>\n\n\n\n<hr class=\"wp-block-separator\"\/>\n\n\n\n<p>Pour toute information&nbsp;contactez&nbsp;:<\/p>\n\n\n\n<p><strong>Daniel\nSt-Onge<\/strong><\/p>\n\n\n\n<p>Coordonnateur\nau d\u00e9veloppement<\/p>\n\n\n\n<p>2187, rue\nLarivi\u00e8re<\/p>\n\n\n\n<p>Montr\u00e9al\n(Qu\u00e9bec) H2K 1P5<\/p>\n\n\n\n<p>514&nbsp;598-7474\nposte 2222<\/p>\n","protected":false},"excerpt":{"rendered":"<p>Le Quartier Centre-Sud vient d\u2019accueillir sa premi\u00e8re Foire Locale de l\u2019Emploi, organis\u00e9e le 25 mai,\u00a0 au Centre Jean-Claude Mal\u00e9part, par trois organismes communautaires\u00a0: la CDC Centre-Sud; le GIT et MIRE et quatre collaborateurs: Carrefour Jeunesse Emploi Centre-Sud; CODEM; IJQ; OPJ et la SDS. Les employeurs du secteur priv\u00e9 et du milieu communautaire ont r\u00e9pondu \u00e0&#8230;  <a href=\"https:\/\/portage.ca\/fr\/foire-locale-de-lemploi-un-premier-rendez-vous-plein-de-promesses\/\" class=\"more-link\" title=\"Read Foire Locale de l\u2019Emploi : Un premier rendez-vous plein de promesses\">Read more &raquo;<\/a><\/p>\n","protected":false},"author":10,"featured_media":22996,"comment_status":"open","ping_status":"open","sticky":false,"template":"","format":"standard","meta":{"_acf_changed":false,"footnotes":"","_links_to":"","_links_to_target":""},"categories":[154],"tags":[],"class_list":["post-22995","post","type-post","status-publish","format-standard","has-post-thumbnail","hentry","category-blogue"],"acf":[],"_links":{"self":[{"href":"https:\/\/portage.ca\/fr\/wp-json\/wp\/v2\/posts\/22995","targetHints":{"allow":["GET"]}}],"collection":[{"href":"https:\/\/portage.ca\/fr\/wp-json\/wp\/v2\/posts"}],"about":[{"href":"https:\/\/portage.ca\/fr\/wp-json\/wp\/v2\/types\/post"}],"author":[{"embeddable":true,"href":"https:\/\/portage.ca\/fr\/wp-json\/wp\/v2\/users\/10"}],"replies":[{"embeddable":true,"href":"https:\/\/portage.ca\/fr\/wp-json\/wp\/v2\/comments?post=22995"}],"version-history":[{"count":0,"href":"https:\/\/portage.ca\/fr\/wp-json\/wp\/v2\/posts\/22995\/revisions"}],"wp:featuredmedia":[{"embeddable":true,"href":"https:\/\/portage.ca\/fr\/wp-json\/wp\/v2\/media\/22996"}],"wp:attachment":[{"href":"https:\/\/portage.ca\/fr\/wp-json\/wp\/v2\/media?parent=22995"}],"wp:term":[{"taxonomy":"category","embeddable":true,"href":"https:\/\/portage.ca\/fr\/wp-json\/wp\/v2\/categories?post=22995"},{"taxonomy":"post_tag","embeddable":true,"href":"https:\/\/portage.ca\/fr\/wp-json\/wp\/v2\/tags?post=22995"}],"curies":[{"name":"wp","href":"https:\/\/api.w.org\/{rel}","templated":true}]}}