{"id":22030,"date":"2019-01-21T12:59:02","date_gmt":"2019-01-21T17:59:02","guid":{"rendered":"https:\/\/portage.hamakmarketingnumerique.com\/?p=22030"},"modified":"2019-01-21T13:01:18","modified_gmt":"2019-01-21T18:01:18","slug":"gracielle-agent-de-main-doeuvre-a-mire-jai-rencontre-la-clientele-qui-me-correspond","status":"publish","type":"post","link":"https:\/\/portage.ca\/fr\/gracielle-agent-de-main-doeuvre-a-mire-jai-rencontre-la-clientele-qui-me-correspond\/","title":{"rendered":"Gracielle, Agent de main d\u2019\u0153uvre: \u00e0 MIRE, j\u2019ai rencontr\u00e9 la client\u00e8le qui me correspond"},"content":{"rendered":"\n<p class=\"lead\"><em>Son sourire, son calme et son exp\u00e9rience professionnelle diversifi\u00e9e donnent \u00e0 Gracielle une s\u00e9r\u00e9nit\u00e9 qui jaillit sur son entourage. Apr\u00e8s son exp\u00e9rience de conseill\u00e8re en emploi \u00e0 <a href=\"\/?page_id=20670\">MIRE<\/a>, elle entame &nbsp;sa nouvelle mission&nbsp; au poste d\u2019Agent de main d\u2019\u0153uvre. Elle nous parle ici de son parcours et de sa vision pour son travail au sein de l\u2019\u00e9quipe de <a href=\"https:\/\/www.facebook.com\/ProjetMIRE\/\">MIRE<\/a>.<\/em><\/p>\n\n\n\n<p><strong><em>Parle-nous\nde ton parcours avant d\u2019arriver \u00e0 MIRE ?<\/em><\/strong><\/p>\n\n\n\n<p>Mon\nexp\u00e9rience professionnelle a souvent \u00e9t\u00e9 li\u00e9e \u00e0 l\u2019univers communautaire en\nrapport avec &nbsp;l\u2019intervention\npsychosociale, l\u2019employabilit\u00e9 et la r\u00e9insertion sociale de fa\u00e7on g\u00e9n\u00e9rale.<\/p>\n\n\n\n<p>Durant ce parcours qui a commenc\u00e9 en 2001, j\u2019ai eu la chance\nde&nbsp; travailler avec une client\u00e8le\ndiff\u00e9rente \u00e0 chaque fois, telle que les enfants en difficult\u00e9, les personnes\nvivant des probl\u00e8mes de sant\u00e9 mentale ou encore les&nbsp; jeunes adultes en pr\u00e9carit\u00e9 d\u2019emploi.<\/p>\n\n\n\n<p><strong><em>Un\nmot sur tes premiers jours&nbsp; \u00e0 MIRE ?<\/em><\/strong><\/p>\n\n\n\n<p>En arrivant \u00e0 <a href=\"\/?page_id=20670\">MIRE<\/a>, j\u2019avais une\nid\u00e9e sur l\u2019organisme et sur sa mission, j\u2019ai en effet r\u00e9f\u00e9r\u00e9 des participants \u00e0\npartir de mes anciens emplois, aussi bien \u00e0 MIRE qu\u2019\u00e0 PORTAGE. Les valeurs\nport\u00e9es par <a href=\"\/?page_id=20670\">MIRE<\/a>\nm\u2019ont accroch\u00e9e et ont motiv\u00e9 mon choix de venir y travailler. S\u2019adresser \u00e0 une\nclient\u00e8le en difficult\u00e9 est aussi un d\u00e9fi que je partage naturellement.<\/p>\n\n\n\n<p>Je me souviens de mes premiers jours \u00e0 <a href=\"\/?page_id=20670\">MIRE<\/a> o\u00f9 je cherchais \u00e0 comprendre la structure du programme et \u00e0 m\u2019int\u00e9grer progressivement. Je peux dire que j\u2019\u00e9tais \u00e0 l\u2019aise particuli\u00e8rement avec le principe de la communaut\u00e9 th\u00e9rapeutique. J\u2019ai en effet une exp\u00e9rience comparable relative \u00e0 l\u2019entraide et \u00e0 la motivation de groupe o\u00f9 on renforce aussi bien le savoir-\u00eatre que le savoir-faire. La d\u00e9couverte des diff\u00e9rents ateliers m\u2019a permis aussi de voir que j\u2019\u00e9tais \u00e0 ma place, particuli\u00e8rement en ce qui concerne les ateliers de recherche d\u2019emploi. Je me souviens \u00e9galement de l\u2019accueil bienveillant de mes coll\u00e8gues et de leur soutien.<\/p>\n\n\n\n<p><strong><em>En\nquoi consiste ton travail d\u2019Agent de main d\u2019\u0153uvre et quelle est ta vision pour\nce poste ?<\/em><\/strong><\/p>\n\n\n\n<p>\u00c0 <a href=\"\/?page_id=20670\">MIRE<\/a>\nnous voulons &nbsp;r\u00e9pondre de fa\u00e7on pertinente\naux objectifs de carri\u00e8re de nos participants. Qu\u2019ils soient des objectifs de\nr\u00e9int\u00e9gration du march\u00e9 du travail ou de retour aux \u00e9tudes, notre r\u00f4le est\nd\u2019apporter \u00e0 nos participants des r\u00e9ponses sp\u00e9cifiques adapt\u00e9es \u00e0 leurs besoins\net \u00e0 leurs choix de carri\u00e8re. <a href=\"\/?page_id=20670\">MIRE<\/a>\nvise l\u2019int\u00e9gration au march\u00e9 du travail mais aussi la r\u00e9tention en emploi, mon\nr\u00f4le est de renforcer \u00e9galement la r\u00e9tention en emploi apr\u00e8s le placement de\nnos participants. Je peux assurer un suivi continu gr\u00e2ce \u00e0 notre syst\u00e8me de\npermanence qui nous permet d\u2019accueillir nos anciens participants et de les\nencadrer que ce soit pour l\u2019int\u00e9gration ou pour la r\u00e9tention. L\u2019agent de main\nd\u2019\u0153uvre est l\u00e0 pour jouer ce r\u00f4le. J\u2019organise aussi le suivi de groupe en\noffrant diff\u00e9rents ateliers. Je dois \u00e9galement proc\u00e9der au suivi t\u00e9l\u00e9phonique\naupr\u00e8s des participants et \u00e9tablir des contacts avec les employeurs pour un\njumelage Participant\/employeur.<\/p>\n\n\n\n<p>Lire&nbsp; <a href=\"\/?p=19909\">Catherine\n: heureuse d\u2019avoir fait pleinement confiance \u00e0 MIRE !<\/a><\/p>\n\n\n\n<p>Lire <a href=\"\/?p=21169\">R\u00e9mi,\nintervenant \u00e0 MIRE : \u00abJe vis la plus belle exp\u00e9rience professionnelle de\nma&nbsp; carri\u00e8re\u00bb<\/a><\/p>\n","protected":false},"excerpt":{"rendered":"<p>Son sourire, son calme et son exp\u00e9rience professionnelle diversifi\u00e9e donnent \u00e0 Gracielle une s\u00e9r\u00e9nit\u00e9 qui jaillit sur son entourage. Apr\u00e8s son exp\u00e9rience de conseill\u00e8re en emploi \u00e0 MIRE, elle entame &nbsp;sa nouvelle mission&nbsp; au poste d\u2019Agent de main d\u2019\u0153uvre. Elle nous parle ici de son parcours et de sa vision pour son travail au sein&#8230;  <a href=\"https:\/\/portage.ca\/fr\/gracielle-agent-de-main-doeuvre-a-mire-jai-rencontre-la-clientele-qui-me-correspond\/\" class=\"more-link\" title=\"Read Gracielle, Agent de main d\u2019\u0153uvre: \u00e0 MIRE, j\u2019ai rencontr\u00e9 la client\u00e8le qui me correspond\">Read more &raquo;<\/a><\/p>\n","protected":false},"author":10,"featured_media":10157,"comment_status":"open","ping_status":"open","sticky":false,"template":"","format":"standard","meta":{"_acf_changed":false,"footnotes":"","_links_to":"","_links_to_target":""},"categories":[154],"tags":[],"class_list":["post-22030","post","type-post","status-publish","format-standard","has-post-thumbnail","hentry","category-blogue"],"acf":[],"_links":{"self":[{"href":"https:\/\/portage.ca\/fr\/wp-json\/wp\/v2\/posts\/22030","targetHints":{"allow":["GET"]}}],"collection":[{"href":"https:\/\/portage.ca\/fr\/wp-json\/wp\/v2\/posts"}],"about":[{"href":"https:\/\/portage.ca\/fr\/wp-json\/wp\/v2\/types\/post"}],"author":[{"embeddable":true,"href":"https:\/\/portage.ca\/fr\/wp-json\/wp\/v2\/users\/10"}],"replies":[{"embeddable":true,"href":"https:\/\/portage.ca\/fr\/wp-json\/wp\/v2\/comments?post=22030"}],"version-history":[{"count":0,"href":"https:\/\/portage.ca\/fr\/wp-json\/wp\/v2\/posts\/22030\/revisions"}],"wp:featuredmedia":[{"embeddable":true,"href":"https:\/\/portage.ca\/fr\/wp-json\/wp\/v2\/media\/10157"}],"wp:attachment":[{"href":"https:\/\/portage.ca\/fr\/wp-json\/wp\/v2\/media?parent=22030"}],"wp:term":[{"taxonomy":"category","embeddable":true,"href":"https:\/\/portage.ca\/fr\/wp-json\/wp\/v2\/categories?post=22030"},{"taxonomy":"post_tag","embeddable":true,"href":"https:\/\/portage.ca\/fr\/wp-json\/wp\/v2\/tags?post=22030"}],"curies":[{"name":"wp","href":"https:\/\/api.w.org\/{rel}","templated":true}]}}