{"id":21169,"date":"2018-08-27T13:54:55","date_gmt":"2018-08-27T18:54:55","guid":{"rendered":"https:\/\/portage.hamakmarketingnumerique.com\/?p=21169"},"modified":"2018-08-27T15:04:34","modified_gmt":"2018-08-27T20:04:34","slug":"remi-conseiller-a-lemploi-a-mire-je-vis-la-plus-belle-experience-professionnelle-de-ma-carriere","status":"publish","type":"post","link":"https:\/\/portage.ca\/fr\/remi-conseiller-a-lemploi-a-mire-je-vis-la-plus-belle-experience-professionnelle-de-ma-carriere\/","title":{"rendered":"R\u00e9mi, intervenant \u00e0 MIRE : \u00abJe vis la plus belle exp\u00e9rience professionnelle de ma carri\u00e8re\u00bb"},"content":{"rendered":"<h5><strong>Sans jamais se s\u00e9parer de son sourire et de son sens de l\u2019humour, R\u00e9mi est toujours disponible pour \u00e9couter les autres. Il semble que le parcours qui l\u2019a amen\u00e9 \u00e0 MIRE a \u00e9t\u00e9 rempli de le\u00e7ons de vie qui lui ont donn\u00e9 finalement une certaine s\u00e9r\u00e9nit\u00e9 et une bonne dose de sagesse. Voici son t\u00e9moignage sur son cheminement et sur son exp\u00e9rience de conseiller \u00e0 l\u2019emploi.<\/strong><\/h5>\n<h5><strong>\u00a0<\/strong><\/h5>\n<h5><strong>Peux-tu nous parler de ton parcours avant d\u2019\u00eatre conseiller \u00e0 l\u2019emploi \u00e0 MIRE ? <\/strong><\/h5>\n<p class=\"lead\">Il y a maintenant neuf ans, j\u2019ai compl\u00e9t\u00e9 le programme d\u2019employabilit\u00e9 au <a href=\"\/?page_id=7220\">CFE<\/a> (Centre Formation Emploi) de <a href=\"\/?page_id=7038\">Portage<\/a> \u00e0 Qu\u00e9bec. Il s\u2019agit d\u2019un programme offrant pratiquement les m\u00eames services que ceux offerts par <a href=\"\/?page_id=20670\">MIRE<\/a>. En effet, \u00e0 ce moment difficile de ma vie, j\u2019ai eu la chance de rencontrer une \u00e9quipe chaleureuse, accueillante et comp\u00e9tente. C\u2019\u00e9tait ce dont j\u2019avais besoin, car apr\u00e8s quatre ann\u00e9es sans emploi, je ne savais plus par o\u00f9 commencer pour entamer une recherche efficace, je ne savais plus quelle direction prendre et mon estime \u00e9tait fragilis\u00e9e.<\/p>\n<p>J\u2019ai donc suivi le programme <a href=\"\/?page_id=7220\">CFE<\/a> en utilisant tous les outils mis \u00e0 ma disposition. Le processus pratiquement compl\u00e9t\u00e9, j\u2019avais trois plans bien d\u00e9finis. Mon plan \u00ab\u00a0A \u00bb s\u2019est av\u00e9r\u00e9 le mieux adapt\u00e9. En effet, j\u2019ai fait un retour aux \u00e9tudes et j\u2019ai rapidement compl\u00e9t\u00e9 mon secondaire 5, car j\u2019avais retrouv\u00e9 toute ma confiance et ma motivation. Par la suite, je me suis inscrit \u00e0 un AEC en animation 3D jeux vid\u00e9o et synth\u00e8se d\u2019image. Pour moi, il n\u2019\u00e9tait plus question de retourner \u00e0 mon ancienne sp\u00e9cialit\u00e9 qui \u00e9tait la cuisine et o\u00f9 j\u2019ai pass\u00e9 15 ans de ma vie.<\/p>\n<p>L\u2019AEC termin\u00e9, j\u2019ai imm\u00e9diatement travaill\u00e9 dans ce domaine en tant que travailleur autonome. J\u2019ai aussi int\u00e9gr\u00e9 une belle \u00e9quipe de travail dans une compagnie de cr\u00e9ation de jeux vid\u00e9o. J\u2019occupais le poste d\u2019animateur 3D. Cette exp\u00e9rience m\u2019a permis de d\u00e9velopper de superbes amiti\u00e9s. Je suis rest\u00e9 dans ce domaine environ cinq belles ann\u00e9es. Cependant, je sentais que je stagnais au niveau professionnel. J\u2019ai alors repris la recherche d\u2019emploi. Cette recherche aura dur\u00e9 trois mois en tout. Je me rappelais de tous les bons conseils que l\u2019on m\u2019avait transmis.<\/p>\n<p>C\u2019est \u00e0 l\u2019Arm\u00e9e du Salut, \u00e0 l\u2019h\u00e9bergement pour hommes que ma recherche m\u2019a conduit. En effet, on m\u2019offrait un poste de gardien de nuit. J\u2019ai tout de suite ador\u00e9 ce travail. Je me sentais valoris\u00e9 par mes coll\u00e8gues, mon employeur et les r\u00e9sidents.<\/p>\n<p>Remarquant mon potentiel, ma coordonnatrice m\u2019a offert de me former comme intervenant. J\u2019ai accept\u00e9 avec joie et suivi de nombreuses formations en gagnant \u00e9galement beaucoup d\u2019exp\u00e9rience dans le milieu de l\u2019itin\u00e9rance. Tout cela m\u2019a aid\u00e9 finalement \u00e0 d\u00e9couvrir ma vocation et ma nouvelle voie professionnelle.<\/p>\n<p>Apr\u00e8s quatre belles ann\u00e9es pass\u00e9es dans la ville de Qu\u00e9bec, je prenais une autre grande d\u00e9cision. J\u2019ai en effet d\u00e9cid\u00e9 de m\u2019\u00e9tablir \u00e0 Montr\u00e9al avec ma conjointe. C\u2019\u00e9tait la meilleure d\u00e9cision de ma vie, car nous avons eu un beau petit gar\u00e7on d\u2019un an maintenant.<\/p>\n<p>J\u2019ai obtenu le transfert au Centre Booth de l\u2019arm\u00e9e du Salut de Montr\u00e9al o\u00f9 j\u2019ai travaill\u00e9 une ann\u00e9e compl\u00e8te. Parall\u00e8lement, je me suis inscrit \u00e0 l\u2019Universit\u00e9 de Montr\u00e9al pour y suivre un Certificat en toxicomanie\u00a0: pr\u00e9vention et r\u00e9adaptation, que je viens tout juste de terminer avec succ\u00e8s.<\/p>\n<p>En ao\u00fbt 2017, <a href=\"\/?page_id=20670\">MIRE<\/a> m\u2019int\u00e9grait au sein de son \u00e9quipe de conseillers. Je me suis senti imm\u00e9diatement accueilli par mes coll\u00e8gues. On m\u2019offrait ainsi la chance de travailler dans le domaine qui correspond \u00e0 ma vocation.<\/p>\n<p>&nbsp;<\/p>\n<h5><strong>En quoi consiste ton travail de conseiller \u00e0 l\u2019emploi?<\/strong><\/h5>\n<p>Mon travail consiste essentiellement \u00e0 aider les personnes qui souhaitent r\u00e9int\u00e9grer le march\u00e9 du travail et \u00e0 atteindre leurs objectifs. Je les accompagne dans le renforcement de leur d\u00e9veloppement personnel (confiance en soi, motivation, etc.), mais \u00e9galement dans l\u2019utilisation des outils de recherche d\u2019emploi (Cv, entrevue, etc.). Les conseillers en emploi interviennent ainsi \u00e0 plusieurs niveaux. \u00c0 <a href=\"\/?page_id=20670\">MIRE<\/a>, nous nous inspirons du principe de la<a href=\"\/?page_id=7176\"> communaut\u00e9 th\u00e9rapeutique<\/a>.<\/p>\n<p>En tant que membres d\u2019un groupe, nos participants partagent leur quotidien avec d\u2019autres personnes qui traversent des difficult\u00e9s similaires. Ils se soutiennent\u00a0mutuellement\u00a0dans leur d\u00e9marche et ils apprennent des autres participants, de leurs conseiller(e)s et surtout d&rsquo;eux-m\u00eames.<\/p>\n<p>&nbsp;<\/p>\n<h5><strong>Qu\u2019est-ce que cette exp\u00e9rience de conseiller \u00e0 l\u2019emploi t\u2019a apport\u00e9 ?<\/strong><\/h5>\n<p>Il y a maintenant un an que j\u2019occupe le poste de conseiller en emploi \u00e0 <a href=\"\/?page_id=20670\">MIRE<\/a>. Je peux vraiment dire que je suis fier de faire partie de cet organisme. Je sens que j\u2019apporte beaucoup aux gens d\u00e9sireux de s\u2019en sortir et de r\u00e9int\u00e9grer le march\u00e9 du travail.<\/p>\n<p>Je consid\u00e8re mon travail comme extr\u00eamement valorisant autant sur le plan professionnel que sur le plan personnel. Je me sens privil\u00e9gi\u00e9 d\u2019avoir l\u2019opportunit\u00e9 d\u2019aider autant de personnes et je retire une grande satisfaction \u00e0 les voir \u00e9voluer tout au long de leur cheminement. Je retire un immense bonheur \u00e0 aider d\u2019autres personnes qui sont pass\u00e9es par o\u00f9 je suis pass\u00e9 moi-m\u00eame il y a neuf ans. Finalement, mes coll\u00e8gues et les participants m\u2019aident \u00e0 m\u2019accomplir. Je crois vivre la meilleure exp\u00e9rience professionnelle de ma carri\u00e8re.<\/p>\n<p>La 3D restera toujours une passion pour moi, mais j\u2019ai le sentiment d\u2019\u00eatre un maillon juste dans le travail que j\u2019accomplis \u00e0 <a href=\"\/?page_id=20670\">MIRE<\/a>. J\u2019ai enfin trouv\u00e9 ma place comme intervenant.<\/p>\n<p>&nbsp;<\/p>\n<p>Lire <a href=\"\/?p=20595\">Agente aux admissions : un travail valorisant!<\/a><\/p>\n<p>Lire <a href=\"\/?p=20153\">Reprendre confiance apr\u00e8s la perte d\u2019un emploi!<\/a><\/p>\n","protected":false},"excerpt":{"rendered":"<p>Sans jamais se s\u00e9parer de son sourire et de son sens de l\u2019humour, R\u00e9mi est toujours disponible pour \u00e9couter les autres. Il semble que le parcours qui l\u2019a amen\u00e9 \u00e0 MIRE a \u00e9t\u00e9 rempli de le\u00e7ons de vie qui lui ont donn\u00e9 finalement une certaine s\u00e9r\u00e9nit\u00e9 et une bonne dose de sagesse. Voici son t\u00e9moignage&#8230;  <a href=\"https:\/\/portage.ca\/fr\/remi-conseiller-a-lemploi-a-mire-je-vis-la-plus-belle-experience-professionnelle-de-ma-carriere\/\" class=\"more-link\" title=\"Read R\u00e9mi, intervenant \u00e0 MIRE : \u00abJe vis la plus belle exp\u00e9rience professionnelle de ma carri\u00e8re\u00bb\">Read more &raquo;<\/a><\/p>\n","protected":false},"author":10,"featured_media":21170,"comment_status":"open","ping_status":"open","sticky":false,"template":"","format":"standard","meta":{"_acf_changed":false,"footnotes":"","_links_to":"","_links_to_target":""},"categories":[154],"tags":[],"class_list":["post-21169","post","type-post","status-publish","format-standard","has-post-thumbnail","hentry","category-blogue"],"acf":[],"_links":{"self":[{"href":"https:\/\/portage.ca\/fr\/wp-json\/wp\/v2\/posts\/21169","targetHints":{"allow":["GET"]}}],"collection":[{"href":"https:\/\/portage.ca\/fr\/wp-json\/wp\/v2\/posts"}],"about":[{"href":"https:\/\/portage.ca\/fr\/wp-json\/wp\/v2\/types\/post"}],"author":[{"embeddable":true,"href":"https:\/\/portage.ca\/fr\/wp-json\/wp\/v2\/users\/10"}],"replies":[{"embeddable":true,"href":"https:\/\/portage.ca\/fr\/wp-json\/wp\/v2\/comments?post=21169"}],"version-history":[{"count":0,"href":"https:\/\/portage.ca\/fr\/wp-json\/wp\/v2\/posts\/21169\/revisions"}],"wp:featuredmedia":[{"embeddable":true,"href":"https:\/\/portage.ca\/fr\/wp-json\/wp\/v2\/media\/21170"}],"wp:attachment":[{"href":"https:\/\/portage.ca\/fr\/wp-json\/wp\/v2\/media?parent=21169"}],"wp:term":[{"taxonomy":"category","embeddable":true,"href":"https:\/\/portage.ca\/fr\/wp-json\/wp\/v2\/categories?post=21169"},{"taxonomy":"post_tag","embeddable":true,"href":"https:\/\/portage.ca\/fr\/wp-json\/wp\/v2\/tags?post=21169"}],"curies":[{"name":"wp","href":"https:\/\/api.w.org\/{rel}","templated":true}]}}