{"id":4526,"date":"2013-10-08T04:00:00","date_gmt":"2013-10-08T04:00:00","guid":{"rendered":"https:\/\/portage.hamakmarketingnumerique.com\/announcements\/temoignage-diplome-programme-mire-colloque-rssmo-131108"},"modified":"2016-05-06T14:23:51","modified_gmt":"2016-05-06T19:23:51","slug":"temoignage-dun-diplome-du-programme-mire-au-colloque-du-rssmo","status":"publish","type":"post","link":"https:\/\/portage.ca\/en\/temoignage-dun-diplome-du-programme-mire-au-colloque-du-rssmo\/","title":{"rendered":"T\u00e9moignage d\u2019un dipl\u00f4m\u00e9 du programme MIRE au colloque du RSSMO"},"content":{"rendered":"<p class=\"lead\">Le 3 octobre dernier, dans le cadre du colloque du RSSMO (R\u00e9seau des services sp\u00e9cialis\u00e9s de main-d\u2019\u0153uvre), un ancien participant du <a href=\"\/quebec\/mire-formation-emploi\">programme MIRE<\/a> (Mouvement pour l\u2019int\u00e9gration et la r\u00e9tention en emploi) a \u00e9t\u00e9 invit\u00e9 \u00e0 t\u00e9moigner de son exp\u00e9rience au <a href=\"\/quebec\/formation-emploi-reinsertion-socioprofessionnelle\">programme de r\u00e9insertion en emploi<\/a>. Voici le touchant t\u00e9moignage de Guy Blanchette :<\/p>\n<div>\n<p>&nbsp;<\/p>\n<p><em>MIRE a apport\u00e9 dans ma vie une confiance et surtout une d\u00e9termination \u00e0 retourner sur le march\u00e9 du travail.<\/em><\/p>\n<p>Quand je suis arriv\u00e9 \u00e0 MIRE, je ressentais l&#8217;angoisse de l&#8217;inconnu et je ne savais pas si j&#8217;\u00e9tais \u00e0 la bonne place, mais apr\u00e8s seulement quelques minutes, je me suis senti \u00e0 ma place.<\/p>\n<\/div>\n<p>&nbsp;<\/p>\n<div>\n<p>&nbsp;<\/p>\n<p>La fa\u00e7on dont le personnel nous a accueillis avait tout pour nous mettre en confiance. Le professionnalisme et l&#8217;\u00e9coute des agents de main-d&#8217;\u0153uvre faisaient en sorte que j&#8217;\u00e9tais \u00e0 l&#8217;aise et pr\u00eat \u00e0 m&#8217;investir dans le processus de recherche d&#8217;emploi.<\/p>\n<p>Gr\u00e2ce aux ateliers, aux jeux de r\u00f4les ainsi que la formation informatique et la bonne fa\u00e7on de faire un curriculum vitae, je me sentais bien outill\u00e9 pour faire face \u00e0 un nouvel emploi.<\/p>\n<\/div>\n<p>&nbsp;<\/p>\n<div>\n<p>&nbsp;<\/p>\n<p>L&#8217;\u00e9quipe m&#8217;a beaucoup aid\u00e9 \u00e0 travailler sur mes faiblesses et aussi \u00e0 exploiter mes forces. Apr\u00e8s les huit semaines de formation, j&#8217;\u00e9tais gonfl\u00e9 \u00e0 bloc et j&#8217;\u00e9tais tr\u00e8s confiant de me trouver un emploi qui me satisferait.<\/p>\n<p>L&#8217;\u00e9quipe de suivi \u00e9tait vraiment avec et pour moi. Apr\u00e8s plusieurs essais\/erreurs, je me suis toujours senti appuy\u00e9 dans mes d\u00e9marches, et chose primordiale, c&#8217;est que jamais je ne me suis senti jug\u00e9 dans mes choix et d\u00e9cisions.<\/p>\n<\/div>\n<p>&nbsp;<\/p>\n<div>\n<p>&nbsp;<\/p>\n<p>Aujourd&#8217;hui, je travaille chez Portage depuis un peu plus d&#8217;un an comme commis-comptable. Je me sens enfin quelqu&#8217;un, je suis heureux comme un poisson dans l&#8217;eau, et tout \u00e7a, je le dois \u00e0 la merveilleuse \u00e9quipe de MIRE.<\/p>\n<\/div>\n","protected":false},"excerpt":{"rendered":"<p>Le 3 octobre dernier, dans le cadre du colloque du RSSMO (R\u00e9seau des services sp\u00e9cialis\u00e9s de main-d\u2019\u0153uvre), un ancien participant du programme MIRE (Mouvement pour l\u2019int\u00e9gration et la r\u00e9tention en emploi) a \u00e9t\u00e9 invit\u00e9 \u00e0 t\u00e9moigner de son exp\u00e9rience au programme de r\u00e9insertion en emploi. Voici le touchant t\u00e9moignage de Guy Blanchette : &nbsp; MIRE&#8230;  <a href=\"https:\/\/portage.ca\/en\/temoignage-dun-diplome-du-programme-mire-au-colloque-du-rssmo\/\" class=\"more-link\" title=\"Read T\u00e9moignage d\u2019un dipl\u00f4m\u00e9 du programme MIRE au colloque du RSSMO\">Read more &raquo;<\/a><\/p>\n","protected":false},"author":13,"featured_media":10157,"comment_status":"open","ping_status":"open","sticky":false,"template":"","format":"standard","meta":{"_acf_changed":false,"footnotes":"","_links_to":"","_links_to_target":""},"categories":[2],"tags":[],"class_list":["post-4526","post","type-post","status-publish","format-standard","has-post-thumbnail","hentry","category-news"],"acf":[],"_links":{"self":[{"href":"https:\/\/portage.ca\/en\/wp-json\/wp\/v2\/posts\/4526","targetHints":{"allow":["GET"]}}],"collection":[{"href":"https:\/\/portage.ca\/en\/wp-json\/wp\/v2\/posts"}],"about":[{"href":"https:\/\/portage.ca\/en\/wp-json\/wp\/v2\/types\/post"}],"author":[{"embeddable":true,"href":"https:\/\/portage.ca\/en\/wp-json\/wp\/v2\/users\/13"}],"replies":[{"embeddable":true,"href":"https:\/\/portage.ca\/en\/wp-json\/wp\/v2\/comments?post=4526"}],"version-history":[{"count":0,"href":"https:\/\/portage.ca\/en\/wp-json\/wp\/v2\/posts\/4526\/revisions"}],"wp:featuredmedia":[{"embeddable":true,"href":"https:\/\/portage.ca\/en\/wp-json\/wp\/v2\/media\/10157"}],"wp:attachment":[{"href":"https:\/\/portage.ca\/en\/wp-json\/wp\/v2\/media?parent=4526"}],"wp:term":[{"taxonomy":"category","embeddable":true,"href":"https:\/\/portage.ca\/en\/wp-json\/wp\/v2\/categories?post=4526"},{"taxonomy":"post_tag","embeddable":true,"href":"https:\/\/portage.ca\/en\/wp-json\/wp\/v2\/tags?post=4526"}],"curies":[{"name":"wp","href":"https:\/\/api.w.org\/{rel}","templated":true}]}}