{"id":3812,"date":"2013-07-25T04:00:00","date_gmt":"2013-07-25T04:00:00","guid":{"rendered":"https:\/\/portage.hamakmarketingnumerique.com\/announcements\/les-usagers-aident-amenagement-de-la-foret-saint-malachie-130725"},"modified":"2016-05-06T14:24:16","modified_gmt":"2016-05-06T19:24:16","slug":"les-usagers-aident-a-lamenagement-de-la-foret-a-saint-malachie","status":"publish","type":"post","link":"https:\/\/portage.ca\/en\/les-usagers-aident-a-lamenagement-de-la-foret-a-saint-malachie\/","title":{"rendered":"Les usagers aident \u00e0 l\u2019am\u00e9nagement de la for\u00eat \u00e0 Saint-Malachie"},"content":{"rendered":"<p class=\"lead\">Au d\u00e9but de juillet, les usagers de Portage \u00e0 Saint-Malachie ont travaill\u00e9 en collaboration avec les repr\u00e9sentants du regroupement forestier de Chaudi\u00e8re-Appalaches pour planter cinq cents nouveaux ch\u00eanes et ormes le long de la rivi\u00e8re Etchemin qui borde la propri\u00e9t\u00e9 du centre.<\/p>\n<p>L&#8217;activit\u00e9 a fourni aux usagers la possibilit\u00e9 d&#8217;exercer les comp\u00e9tences de travail en \u00e9quipe acquises au\u00a0 cours du programme chez Portage, et de r\u00e9aliser l&#8217;importance de la sant\u00e9 des for\u00eats pr\u00e8s des rivi\u00e8res pour pr\u00e9venir l&#8217;\u00e9rosion et fournir un habitat sain pour la faune.<\/p>\n<p>Ils ont grandement appr\u00e9ci\u00e9 l&#8217;activit\u00e9 et \u00e9taient fiers de leur contribution \u00e0 l&#8217;environnement naturel autour du centre.<\/p>\n","protected":false},"excerpt":{"rendered":"<p>Au d\u00e9but de juillet, les usagers de Portage \u00e0 Saint-Malachie ont travaill\u00e9 en collaboration avec les repr\u00e9sentants du regroupement forestier de Chaudi\u00e8re-Appalaches pour planter cinq cents nouveaux ch\u00eanes et ormes le long de la rivi\u00e8re Etchemin qui borde la propri\u00e9t\u00e9 du centre. L&#8217;activit\u00e9 a fourni aux usagers la possibilit\u00e9 d&#8217;exercer les comp\u00e9tences de travail en&#8230;  <a href=\"https:\/\/portage.ca\/en\/les-usagers-aident-a-lamenagement-de-la-foret-a-saint-malachie\/\" class=\"more-link\" title=\"Read Les usagers aident \u00e0 l\u2019am\u00e9nagement de la for\u00eat \u00e0 Saint-Malachie\">Read more &raquo;<\/a><\/p>\n","protected":false},"author":13,"featured_media":10157,"comment_status":"open","ping_status":"open","sticky":false,"template":"","format":"standard","meta":{"_acf_changed":false,"footnotes":"","_links_to":"","_links_to_target":""},"categories":[2],"tags":[],"class_list":["post-3812","post","type-post","status-publish","format-standard","has-post-thumbnail","hentry","category-news"],"acf":[],"_links":{"self":[{"href":"https:\/\/portage.ca\/en\/wp-json\/wp\/v2\/posts\/3812","targetHints":{"allow":["GET"]}}],"collection":[{"href":"https:\/\/portage.ca\/en\/wp-json\/wp\/v2\/posts"}],"about":[{"href":"https:\/\/portage.ca\/en\/wp-json\/wp\/v2\/types\/post"}],"author":[{"embeddable":true,"href":"https:\/\/portage.ca\/en\/wp-json\/wp\/v2\/users\/13"}],"replies":[{"embeddable":true,"href":"https:\/\/portage.ca\/en\/wp-json\/wp\/v2\/comments?post=3812"}],"version-history":[{"count":0,"href":"https:\/\/portage.ca\/en\/wp-json\/wp\/v2\/posts\/3812\/revisions"}],"wp:featuredmedia":[{"embeddable":true,"href":"https:\/\/portage.ca\/en\/wp-json\/wp\/v2\/media\/10157"}],"wp:attachment":[{"href":"https:\/\/portage.ca\/en\/wp-json\/wp\/v2\/media?parent=3812"}],"wp:term":[{"taxonomy":"category","embeddable":true,"href":"https:\/\/portage.ca\/en\/wp-json\/wp\/v2\/categories?post=3812"},{"taxonomy":"post_tag","embeddable":true,"href":"https:\/\/portage.ca\/en\/wp-json\/wp\/v2\/tags?post=3812"}],"curies":[{"name":"wp","href":"https:\/\/api.w.org\/{rel}","templated":true}]}}