{"id":32776,"date":"2022-04-08T14:00:20","date_gmt":"2022-04-08T19:00:20","guid":{"rendered":"https:\/\/portage.ca\/?p=32776"},"modified":"2022-11-01T09:44:20","modified_gmt":"2022-11-01T14:44:20","slug":"lunch-with-the-minister-of-health-at-cassidy-lake","status":"publish","type":"post","link":"https:\/\/portage.ca\/en\/lunch-with-the-minister-of-health-at-cassidy-lake\/","title":{"rendered":"Lunch with the Minister of Health at Cassidy Lake"},"content":{"rendered":"<p class=\"lead\">This week, the Honorable Minister of Health, Mrs. Dorothy Shephard and Senior Health Officials St\u00e9phane B\u00e9rub\u00e9 and Annie Pellerin stopped by the center for lunch and a tour. It was so nice to welcome guests back to the center! Thank you Minister Shephard and team for the visit!<\/p>\n<p>From left to right: Director of Child and Youth Services \u2013 St\u00e9phane B\u00e9rub\u00e9, Minister of Health &#8211; Dorothy Shephard, Director of Cassidy Lake Center \u2013 Tambrie Hicks and Acting Executive Director of Addiction and Mental Health \u2013 Annie Pellerin<\/p>\n","protected":false},"excerpt":{"rendered":"<p>This week, the Honorable Minister of Health, Mrs. Dorothy Shephard and Senior Health Officials St\u00e9phane B\u00e9rub\u00e9 and Annie Pellerin stopped by the center for lunch and a tour. It was so nice to welcome guests back to the center! Thank you Minister Shephard and team for the visit! From left to right: Director of Child&#8230;  <a href=\"https:\/\/portage.ca\/en\/lunch-with-the-minister-of-health-at-cassidy-lake\/\" class=\"more-link\" title=\"Read Lunch with the Minister of Health at Cassidy Lake\">Read more &raquo;<\/a><\/p>\n","protected":false},"author":13,"featured_media":32780,"comment_status":"open","ping_status":"open","sticky":false,"template":"","format":"standard","meta":{"_acf_changed":false,"footnotes":"","_links_to":"","_links_to_target":""},"categories":[16],"tags":[],"class_list":["post-32776","post","type-post","status-publish","format-standard","has-post-thumbnail","hentry","category-atlantic-foundation-news"],"acf":[],"_links":{"self":[{"href":"https:\/\/portage.ca\/en\/wp-json\/wp\/v2\/posts\/32776","targetHints":{"allow":["GET"]}}],"collection":[{"href":"https:\/\/portage.ca\/en\/wp-json\/wp\/v2\/posts"}],"about":[{"href":"https:\/\/portage.ca\/en\/wp-json\/wp\/v2\/types\/post"}],"author":[{"embeddable":true,"href":"https:\/\/portage.ca\/en\/wp-json\/wp\/v2\/users\/13"}],"replies":[{"embeddable":true,"href":"https:\/\/portage.ca\/en\/wp-json\/wp\/v2\/comments?post=32776"}],"version-history":[{"count":1,"href":"https:\/\/portage.ca\/en\/wp-json\/wp\/v2\/posts\/32776\/revisions"}],"predecessor-version":[{"id":32779,"href":"https:\/\/portage.ca\/en\/wp-json\/wp\/v2\/posts\/32776\/revisions\/32779"}],"wp:featuredmedia":[{"embeddable":true,"href":"https:\/\/portage.ca\/en\/wp-json\/wp\/v2\/media\/32780"}],"wp:attachment":[{"href":"https:\/\/portage.ca\/en\/wp-json\/wp\/v2\/media?parent=32776"}],"wp:term":[{"taxonomy":"category","embeddable":true,"href":"https:\/\/portage.ca\/en\/wp-json\/wp\/v2\/categories?post=32776"},{"taxonomy":"post_tag","embeddable":true,"href":"https:\/\/portage.ca\/en\/wp-json\/wp\/v2\/tags?post=32776"}],"curies":[{"name":"wp","href":"https:\/\/api.w.org\/{rel}","templated":true}]}}